{"id":1068,"date":"2024-07-28T17:01:00","date_gmt":"2024-07-28T15:01:00","guid":{"rendered":"https:\/\/ejwleo.de\/lagerlive\/?p=1068"},"modified":"2024-07-31T17:41:23","modified_gmt":"2024-07-31T15:41:23","slug":"die-ruhe-und-der-sturm","status":"publish","type":"post","link":"https:\/\/ejwleo.de\/lagerlive\/2024\/die-ruhe-und-der-sturm\/","title":{"rendered":"Die Ruhe und der Sturm"},"content":{"rendered":"\n<p>Heute geht es los!! Das Jungscharlager 2024 startet.<\/p>\n\n\n\n<p>Seit den fr\u00fchen Morgenstunden sind wir Mitarbeiter schon alle auf Trapp und warten darauf, dass der Bus mit den Kids endlich kommt. Es gab noch kleine Restaufgaben, doch zum Duschen hat es noch gelangt. P\u00fcnktlich fuhr der Bus vor und alle wurden geb\u00fchrend in Empfang genommen.<\/p>\n\n\n\n<p>Zu Beginn sind wir alle von Pippi, Annika und Tommy herzlichst begr\u00fc\u00dft worden. Danach haben wir eine wahnsinnig beindruckende Vorstellung der weltber\u00fchmten Theatergruppe des EJW Leonberg bei ihrem ersten Auftritt auf dem Lager zuschauen d\u00fcrfen. Sie f\u00fchrten das bekannte St\u00fcck &#8222;Petrus geht \u00fcbers Wasser&#8220; in 2 Akten vor. Akt 1 -&gt;&#8220;die J\u00fcnger machen sich ohne Jesus auf zur Bootstour&#8220;. Anschlie\u00dfend wurden die Zelte eingeteilt und eingerichtet, ehe alle den Platz erkundeten und es wurde auch schon gegen den Volleyball gebaggert. Im Anschluss konnten wir dann Akt 2-&gt; &#8222;Jesus erscheint w\u00e4hrend des Sturms Petrus auf offener See&#8220; unser Theatergruppe anschauen. Danach gab es dann Abendessen! Was h\u00e4tte es Besseres geben k\u00f6nnen, als Maultaschen mit Kartoffelsalat? &#8212;&#8212; genau wenn man uns fr\u00e4gt NICHTS!<\/p>\n\n\n\n<figure class=\"wp-block-image size-large\"><img loading=\"lazy\" decoding=\"async\" width=\"1024\" height=\"576\" src=\"https:\/\/ejwleo.de\/lagerlive\/wp-content\/uploads\/sites\/2\/2024\/07\/DSC_3251-2-1024x576.jpg\" alt=\"\" class=\"wp-image-1084\" srcset=\"https:\/\/ejwleo.de\/lagerlive\/wp-content\/uploads\/sites\/2\/2024\/07\/DSC_3251-2-1024x576.jpg 1024w, https:\/\/ejwleo.de\/lagerlive\/wp-content\/uploads\/sites\/2\/2024\/07\/DSC_3251-2-300x169.jpg 300w, https:\/\/ejwleo.de\/lagerlive\/wp-content\/uploads\/sites\/2\/2024\/07\/DSC_3251-2-768x432.jpg 768w, https:\/\/ejwleo.de\/lagerlive\/wp-content\/uploads\/sites\/2\/2024\/07\/DSC_3251-2-1536x864.jpg 1536w, https:\/\/ejwleo.de\/lagerlive\/wp-content\/uploads\/sites\/2\/2024\/07\/DSC_3251-2.jpg 1920w\" sizes=\"auto, (max-width: 1024px) 100vw, 1024px\" \/><\/figure>\n\n\n\n<figure class=\"wp-block-image size-large\"><img loading=\"lazy\" decoding=\"async\" width=\"1024\" height=\"576\" src=\"https:\/\/ejwleo.de\/lagerlive\/wp-content\/uploads\/sites\/2\/2024\/07\/DSC_3282-1024x576.jpg\" alt=\"\" class=\"wp-image-1081\" srcset=\"https:\/\/ejwleo.de\/lagerlive\/wp-content\/uploads\/sites\/2\/2024\/07\/DSC_3282-1024x576.jpg 1024w, https:\/\/ejwleo.de\/lagerlive\/wp-content\/uploads\/sites\/2\/2024\/07\/DSC_3282-300x169.jpg 300w, https:\/\/ejwleo.de\/lagerlive\/wp-content\/uploads\/sites\/2\/2024\/07\/DSC_3282-768x432.jpg 768w, https:\/\/ejwleo.de\/lagerlive\/wp-content\/uploads\/sites\/2\/2024\/07\/DSC_3282-1536x864.jpg 1536w, https:\/\/ejwleo.de\/lagerlive\/wp-content\/uploads\/sites\/2\/2024\/07\/DSC_3282.jpg 1920w\" sizes=\"auto, (max-width: 1024px) 100vw, 1024px\" \/><\/figure>\n\n\n\n<figure class=\"wp-block-image size-large\"><img loading=\"lazy\" decoding=\"async\" width=\"1024\" height=\"683\" src=\"https:\/\/ejwleo.de\/lagerlive\/wp-content\/uploads\/sites\/2\/2024\/07\/DSC_3901-1024x683.jpg\" alt=\"\" class=\"wp-image-1082\" srcset=\"https:\/\/ejwleo.de\/lagerlive\/wp-content\/uploads\/sites\/2\/2024\/07\/DSC_3901-1024x683.jpg 1024w, https:\/\/ejwleo.de\/lagerlive\/wp-content\/uploads\/sites\/2\/2024\/07\/DSC_3901-300x200.jpg 300w, https:\/\/ejwleo.de\/lagerlive\/wp-content\/uploads\/sites\/2\/2024\/07\/DSC_3901-768x512.jpg 768w, https:\/\/ejwleo.de\/lagerlive\/wp-content\/uploads\/sites\/2\/2024\/07\/DSC_3901-1536x1024.jpg 1536w, https:\/\/ejwleo.de\/lagerlive\/wp-content\/uploads\/sites\/2\/2024\/07\/DSC_3901-scaled.jpg 2048w\" sizes=\"auto, (max-width: 1024px) 100vw, 1024px\" \/><\/figure>\n\n\n\n<figure class=\"wp-block-image size-large\"><img loading=\"lazy\" decoding=\"async\" width=\"1024\" height=\"683\" src=\"https:\/\/ejwleo.de\/lagerlive\/wp-content\/uploads\/sites\/2\/2024\/07\/DSC_3274-1024x683.jpg\" alt=\"\" class=\"wp-image-1080\" srcset=\"https:\/\/ejwleo.de\/lagerlive\/wp-content\/uploads\/sites\/2\/2024\/07\/DSC_3274-1024x683.jpg 1024w, https:\/\/ejwleo.de\/lagerlive\/wp-content\/uploads\/sites\/2\/2024\/07\/DSC_3274-300x200.jpg 300w, https:\/\/ejwleo.de\/lagerlive\/wp-content\/uploads\/sites\/2\/2024\/07\/DSC_3274-768x512.jpg 768w, https:\/\/ejwleo.de\/lagerlive\/wp-content\/uploads\/sites\/2\/2024\/07\/DSC_3274-1536x1024.jpg 1536w, https:\/\/ejwleo.de\/lagerlive\/wp-content\/uploads\/sites\/2\/2024\/07\/DSC_3274-scaled.jpg 2048w\" sizes=\"auto, (max-width: 1024px) 100vw, 1024px\" \/><\/figure>\n\n\n\n<figure class=\"wp-block-image size-large\"><img loading=\"lazy\" decoding=\"async\" width=\"683\" height=\"1024\" src=\"https:\/\/ejwleo.de\/lagerlive\/wp-content\/uploads\/sites\/2\/2024\/07\/DSC_3317-683x1024.jpg\" alt=\"\" class=\"wp-image-1079\" srcset=\"https:\/\/ejwleo.de\/lagerlive\/wp-content\/uploads\/sites\/2\/2024\/07\/DSC_3317-683x1024.jpg 683w, https:\/\/ejwleo.de\/lagerlive\/wp-content\/uploads\/sites\/2\/2024\/07\/DSC_3317-200x300.jpg 200w, https:\/\/ejwleo.de\/lagerlive\/wp-content\/uploads\/sites\/2\/2024\/07\/DSC_3317-768x1152.jpg 768w, https:\/\/ejwleo.de\/lagerlive\/wp-content\/uploads\/sites\/2\/2024\/07\/DSC_3317-1024x1536.jpg 1024w, https:\/\/ejwleo.de\/lagerlive\/wp-content\/uploads\/sites\/2\/2024\/07\/DSC_3317-scaled.jpg 1365w\" sizes=\"auto, (max-width: 683px) 100vw, 683px\" \/><\/figure>\n\n\n\n<p>Frisch gest\u00e4rkt ging es mit dem Abendprogramm weiter. Es gab gleich zu Beginn des Lagers ein erstes Gel\u00e4ndespiel. Hier haben wir unter h\u00f6chster, k\u00f6rperlicher Anstrengung an verschiedenen Stationen unser Wissen \u00fcber Jesus bzw. auch unsere sportlichen F\u00e4higkeiten austesten k\u00f6nnen. Ziel des Spiels, so schnell wie m\u00f6glich \u00fcber das 40-Feld-gro\u00dfe Spielfeld laufen, indem man am schnellsten die Stationen fand und erfolgreich l\u00f6ste. Der Sieger war das Jungszelt \u201eEfraim\u201c, gefolgt vom M\u00e4delszelt \u201ekleiner Onkel\u201c und \u201eKapit\u00e4n Langstrumpf\u201c.<\/p>\n\n\n\n<figure class=\"wp-block-image size-large\"><img loading=\"lazy\" decoding=\"async\" width=\"683\" height=\"1024\" src=\"https:\/\/ejwleo.de\/lagerlive\/wp-content\/uploads\/sites\/2\/2024\/07\/DSC_3388-683x1024.jpg\" alt=\"\" class=\"wp-image-1085\" srcset=\"https:\/\/ejwleo.de\/lagerlive\/wp-content\/uploads\/sites\/2\/2024\/07\/DSC_3388-683x1024.jpg 683w, https:\/\/ejwleo.de\/lagerlive\/wp-content\/uploads\/sites\/2\/2024\/07\/DSC_3388-200x300.jpg 200w, https:\/\/ejwleo.de\/lagerlive\/wp-content\/uploads\/sites\/2\/2024\/07\/DSC_3388-768x1152.jpg 768w, https:\/\/ejwleo.de\/lagerlive\/wp-content\/uploads\/sites\/2\/2024\/07\/DSC_3388-1024x1536.jpg 1024w, https:\/\/ejwleo.de\/lagerlive\/wp-content\/uploads\/sites\/2\/2024\/07\/DSC_3388-scaled.jpg 1365w\" sizes=\"auto, (max-width: 683px) 100vw, 683px\" \/><\/figure>\n\n\n\n<figure class=\"wp-block-image size-large\"><img loading=\"lazy\" decoding=\"async\" width=\"683\" height=\"1024\" src=\"https:\/\/ejwleo.de\/lagerlive\/wp-content\/uploads\/sites\/2\/2024\/07\/DSC_3361-683x1024.jpg\" alt=\"\" class=\"wp-image-1090\" srcset=\"https:\/\/ejwleo.de\/lagerlive\/wp-content\/uploads\/sites\/2\/2024\/07\/DSC_3361-683x1024.jpg 683w, https:\/\/ejwleo.de\/lagerlive\/wp-content\/uploads\/sites\/2\/2024\/07\/DSC_3361-200x300.jpg 200w, https:\/\/ejwleo.de\/lagerlive\/wp-content\/uploads\/sites\/2\/2024\/07\/DSC_3361-768x1152.jpg 768w, https:\/\/ejwleo.de\/lagerlive\/wp-content\/uploads\/sites\/2\/2024\/07\/DSC_3361-1024x1536.jpg 1024w, https:\/\/ejwleo.de\/lagerlive\/wp-content\/uploads\/sites\/2\/2024\/07\/DSC_3361-scaled.jpg 1365w\" sizes=\"auto, (max-width: 683px) 100vw, 683px\" \/><\/figure>\n\n\n\n<figure class=\"wp-block-image size-large\"><img loading=\"lazy\" decoding=\"async\" width=\"683\" height=\"1024\" src=\"https:\/\/ejwleo.de\/lagerlive\/wp-content\/uploads\/sites\/2\/2024\/07\/DSC_3345-683x1024.jpg\" alt=\"\" class=\"wp-image-1094\" srcset=\"https:\/\/ejwleo.de\/lagerlive\/wp-content\/uploads\/sites\/2\/2024\/07\/DSC_3345-683x1024.jpg 683w, https:\/\/ejwleo.de\/lagerlive\/wp-content\/uploads\/sites\/2\/2024\/07\/DSC_3345-200x300.jpg 200w, https:\/\/ejwleo.de\/lagerlive\/wp-content\/uploads\/sites\/2\/2024\/07\/DSC_3345-768x1152.jpg 768w, https:\/\/ejwleo.de\/lagerlive\/wp-content\/uploads\/sites\/2\/2024\/07\/DSC_3345-1024x1536.jpg 1024w, https:\/\/ejwleo.de\/lagerlive\/wp-content\/uploads\/sites\/2\/2024\/07\/DSC_3345-scaled.jpg 1365w\" sizes=\"auto, (max-width: 683px) 100vw, 683px\" \/><\/figure>\n\n\n\n<figure class=\"wp-block-image size-large\"><img loading=\"lazy\" decoding=\"async\" width=\"683\" height=\"1024\" src=\"https:\/\/ejwleo.de\/lagerlive\/wp-content\/uploads\/sites\/2\/2024\/07\/DSC_3335-683x1024.jpg\" alt=\"\" class=\"wp-image-1086\" srcset=\"https:\/\/ejwleo.de\/lagerlive\/wp-content\/uploads\/sites\/2\/2024\/07\/DSC_3335-683x1024.jpg 683w, https:\/\/ejwleo.de\/lagerlive\/wp-content\/uploads\/sites\/2\/2024\/07\/DSC_3335-200x300.jpg 200w, https:\/\/ejwleo.de\/lagerlive\/wp-content\/uploads\/sites\/2\/2024\/07\/DSC_3335-768x1152.jpg 768w, https:\/\/ejwleo.de\/lagerlive\/wp-content\/uploads\/sites\/2\/2024\/07\/DSC_3335-1024x1536.jpg 1024w, https:\/\/ejwleo.de\/lagerlive\/wp-content\/uploads\/sites\/2\/2024\/07\/DSC_3335-scaled.jpg 1365w\" sizes=\"auto, (max-width: 683px) 100vw, 683px\" \/><\/figure>\n\n\n\n<figure class=\"wp-block-image size-large\"><img loading=\"lazy\" decoding=\"async\" width=\"683\" height=\"1024\" src=\"https:\/\/ejwleo.de\/lagerlive\/wp-content\/uploads\/sites\/2\/2024\/07\/DSC_3432-1-683x1024.jpg\" alt=\"\" class=\"wp-image-1087\" srcset=\"https:\/\/ejwleo.de\/lagerlive\/wp-content\/uploads\/sites\/2\/2024\/07\/DSC_3432-1-683x1024.jpg 683w, https:\/\/ejwleo.de\/lagerlive\/wp-content\/uploads\/sites\/2\/2024\/07\/DSC_3432-1-200x300.jpg 200w, https:\/\/ejwleo.de\/lagerlive\/wp-content\/uploads\/sites\/2\/2024\/07\/DSC_3432-1-768x1152.jpg 768w, https:\/\/ejwleo.de\/lagerlive\/wp-content\/uploads\/sites\/2\/2024\/07\/DSC_3432-1-1024x1536.jpg 1024w, https:\/\/ejwleo.de\/lagerlive\/wp-content\/uploads\/sites\/2\/2024\/07\/DSC_3432-1-scaled.jpg 1365w\" sizes=\"auto, (max-width: 683px) 100vw, 683px\" \/><\/figure>\n\n\n\n<figure class=\"wp-block-image size-large\"><img loading=\"lazy\" decoding=\"async\" width=\"683\" height=\"1024\" src=\"https:\/\/ejwleo.de\/lagerlive\/wp-content\/uploads\/sites\/2\/2024\/07\/DSC_3418-683x1024.jpg\" alt=\"\" class=\"wp-image-1089\" srcset=\"https:\/\/ejwleo.de\/lagerlive\/wp-content\/uploads\/sites\/2\/2024\/07\/DSC_3418-683x1024.jpg 683w, https:\/\/ejwleo.de\/lagerlive\/wp-content\/uploads\/sites\/2\/2024\/07\/DSC_3418-200x300.jpg 200w, https:\/\/ejwleo.de\/lagerlive\/wp-content\/uploads\/sites\/2\/2024\/07\/DSC_3418-768x1152.jpg 768w, https:\/\/ejwleo.de\/lagerlive\/wp-content\/uploads\/sites\/2\/2024\/07\/DSC_3418-1024x1536.jpg 1024w, https:\/\/ejwleo.de\/lagerlive\/wp-content\/uploads\/sites\/2\/2024\/07\/DSC_3418-scaled.jpg 1365w\" sizes=\"auto, (max-width: 683px) 100vw, 683px\" \/><\/figure>\n\n\n\n<figure class=\"wp-block-image size-large\"><img loading=\"lazy\" decoding=\"async\" width=\"683\" height=\"1024\" src=\"https:\/\/ejwleo.de\/lagerlive\/wp-content\/uploads\/sites\/2\/2024\/07\/DSC_3408-683x1024.jpg\" alt=\"\" class=\"wp-image-1088\" srcset=\"https:\/\/ejwleo.de\/lagerlive\/wp-content\/uploads\/sites\/2\/2024\/07\/DSC_3408-683x1024.jpg 683w, https:\/\/ejwleo.de\/lagerlive\/wp-content\/uploads\/sites\/2\/2024\/07\/DSC_3408-200x300.jpg 200w, https:\/\/ejwleo.de\/lagerlive\/wp-content\/uploads\/sites\/2\/2024\/07\/DSC_3408-768x1152.jpg 768w, https:\/\/ejwleo.de\/lagerlive\/wp-content\/uploads\/sites\/2\/2024\/07\/DSC_3408-1024x1536.jpg 1024w, https:\/\/ejwleo.de\/lagerlive\/wp-content\/uploads\/sites\/2\/2024\/07\/DSC_3408-scaled.jpg 1365w\" sizes=\"auto, (max-width: 683px) 100vw, 683px\" \/><\/figure>\n\n\n\n<figure class=\"wp-block-image size-large\"><img loading=\"lazy\" decoding=\"async\" width=\"683\" height=\"1024\" src=\"https:\/\/ejwleo.de\/lagerlive\/wp-content\/uploads\/sites\/2\/2024\/07\/DSC_3442-683x1024.jpg\" alt=\"\" class=\"wp-image-1091\" srcset=\"https:\/\/ejwleo.de\/lagerlive\/wp-content\/uploads\/sites\/2\/2024\/07\/DSC_3442-683x1024.jpg 683w, https:\/\/ejwleo.de\/lagerlive\/wp-content\/uploads\/sites\/2\/2024\/07\/DSC_3442-200x300.jpg 200w, https:\/\/ejwleo.de\/lagerlive\/wp-content\/uploads\/sites\/2\/2024\/07\/DSC_3442-768x1152.jpg 768w, https:\/\/ejwleo.de\/lagerlive\/wp-content\/uploads\/sites\/2\/2024\/07\/DSC_3442-1024x1536.jpg 1024w, https:\/\/ejwleo.de\/lagerlive\/wp-content\/uploads\/sites\/2\/2024\/07\/DSC_3442-scaled.jpg 1365w\" sizes=\"auto, (max-width: 683px) 100vw, 683px\" \/><\/figure>\n\n\n\n<figure class=\"wp-block-image size-large\"><img loading=\"lazy\" decoding=\"async\" width=\"1024\" height=\"683\" src=\"https:\/\/ejwleo.de\/lagerlive\/wp-content\/uploads\/sites\/2\/2024\/07\/DSC_3451-1024x683.jpg\" alt=\"\" class=\"wp-image-1092\" srcset=\"https:\/\/ejwleo.de\/lagerlive\/wp-content\/uploads\/sites\/2\/2024\/07\/DSC_3451-1024x683.jpg 1024w, https:\/\/ejwleo.de\/lagerlive\/wp-content\/uploads\/sites\/2\/2024\/07\/DSC_3451-300x200.jpg 300w, https:\/\/ejwleo.de\/lagerlive\/wp-content\/uploads\/sites\/2\/2024\/07\/DSC_3451-768x512.jpg 768w, https:\/\/ejwleo.de\/lagerlive\/wp-content\/uploads\/sites\/2\/2024\/07\/DSC_3451-1536x1024.jpg 1536w, https:\/\/ejwleo.de\/lagerlive\/wp-content\/uploads\/sites\/2\/2024\/07\/DSC_3451-scaled.jpg 2048w\" sizes=\"auto, (max-width: 1024px) 100vw, 1024px\" \/><\/figure>\n\n\n\n<p>Zum Abschluss des ersten Tages sa\u00dfen wir am Lagerfeuer zusammen und haben den Tag revue passieren lassen. Ein gro\u00dfes Geheimnis wurde noch enth\u00fcllt, und zwar das Lagerlied! Dieses Jahr hat unser Musikteam wieder keine Kosten und M\u00fchen gescheut und den Text des Liedes \u201eApplaus Applaus\u201c von den Sportfreunden Stiller auf unser Lagerthema \u201eJESUS\u201c um getextet. Nachdem Abendabschluss ging es mit dem Z\u00e4hneputzen-Blues zum Z\u00e4hneputzen und dann ab in Bett.<\/p>\n","protected":false},"excerpt":{"rendered":"<p>Heute geht es los!! Das Jungscharlager 2024 startet. Seit den fr\u00fchen Morgenstunden sind wir Mitarbeiter schon alle auf Trapp und warten darauf, dass der Bus mit den Kids endlich kommt. Es gab noch kleine Restaufgaben, doch zum Duschen hat es noch gelangt. P\u00fcnktlich fuhr der Bus vor und alle wurden geb\u00fchrend in Empfang genommen. Zu [&hellip;]<\/p>\n","protected":false},"author":7,"featured_media":1092,"comment_status":"open","ping_status":"open","sticky":false,"template":"","format":"standard","meta":{"_acf_changed":false,"footnotes":""},"categories":[1],"tags":[],"class_list":["post-1068","post","type-post","status-publish","format-standard","has-post-thumbnail","hentry","category-allgemein"],"acf":[],"yoast_head":"<!-- This site is optimized with the Yoast SEO plugin v27.4 - https:\/\/yoast.com\/product\/yoast-seo-wordpress\/ -->\n<title>Die Ruhe und der Sturm - LagerLive | Ev. Jugendwerk Bezirk Leonberg<\/title>\n<meta name=\"robots\" content=\"index, follow, max-snippet:-1, max-image-preview:large, max-video-preview:-1\" \/>\n<link rel=\"canonical\" href=\"https:\/\/ejwleo.de\/lagerlive\/2024\/die-ruhe-und-der-sturm\/\" \/>\n<meta property=\"og:locale\" content=\"de_DE\" \/>\n<meta property=\"og:type\" content=\"article\" \/>\n<meta property=\"og:title\" content=\"Die Ruhe und der Sturm - LagerLive | Ev. Jugendwerk Bezirk Leonberg\" \/>\n<meta property=\"og:description\" content=\"Heute geht es los!! Das Jungscharlager 2024 startet. Seit den fr\u00fchen Morgenstunden sind wir Mitarbeiter schon alle auf Trapp und warten darauf, dass der Bus mit den Kids endlich kommt. Es gab noch kleine Restaufgaben, doch zum Duschen hat es noch gelangt. P\u00fcnktlich fuhr der Bus vor und alle wurden geb\u00fchrend in Empfang genommen. Zu [&hellip;]\" \/>\n<meta property=\"og:url\" content=\"https:\/\/ejwleo.de\/lagerlive\/2024\/die-ruhe-und-der-sturm\/\" \/>\n<meta property=\"og:site_name\" content=\"LagerLive | Ev. Jugendwerk Bezirk Leonberg\" \/>\n<meta property=\"article:published_time\" content=\"2024-07-28T15:01:00+00:00\" \/>\n<meta property=\"article:modified_time\" content=\"2024-07-31T15:41:23+00:00\" \/>\n<meta property=\"og:image\" content=\"https:\/\/ejwleo.de\/lagerlive\/wp-content\/uploads\/sites\/2\/2024\/07\/DSC_3451-scaled.jpg\" \/>\n\t<meta property=\"og:image:width\" content=\"2048\" \/>\n\t<meta property=\"og:image:height\" content=\"1365\" \/>\n\t<meta property=\"og:image:type\" content=\"image\/jpeg\" \/>\n<meta name=\"author\" content=\"lagerlive\" \/>\n<meta name=\"twitter:card\" content=\"summary_large_image\" \/>\n<meta name=\"twitter:label1\" content=\"Verfasst von\" \/>\n\t<meta name=\"twitter:data1\" content=\"lagerlive\" \/>\n\t<meta name=\"twitter:label2\" content=\"Gesch\u00e4tzte Lesezeit\" \/>\n\t<meta name=\"twitter:data2\" content=\"5\u00a0Minuten\" \/>\n<script type=\"application\/ld+json\" class=\"yoast-schema-graph\">{\"@context\":\"https:\\\/\\\/schema.org\",\"@graph\":[{\"@type\":\"Article\",\"@id\":\"https:\\\/\\\/ejwleo.de\\\/lagerlive\\\/2024\\\/die-ruhe-und-der-sturm\\\/#article\",\"isPartOf\":{\"@id\":\"https:\\\/\\\/ejwleo.de\\\/lagerlive\\\/2024\\\/die-ruhe-und-der-sturm\\\/\"},\"author\":{\"name\":\"lagerlive\",\"@id\":\"https:\\\/\\\/ejwleo.de\\\/lagerlive\\\/#\\\/schema\\\/person\\\/44a8937a52d642e6f162c8270a0a7a4f\"},\"headline\":\"Die Ruhe und der Sturm\",\"datePublished\":\"2024-07-28T15:01:00+00:00\",\"dateModified\":\"2024-07-31T15:41:23+00:00\",\"mainEntityOfPage\":{\"@id\":\"https:\\\/\\\/ejwleo.de\\\/lagerlive\\\/2024\\\/die-ruhe-und-der-sturm\\\/\"},\"wordCount\":355,\"commentCount\":0,\"publisher\":{\"@id\":\"https:\\\/\\\/ejwleo.de\\\/lagerlive\\\/#organization\"},\"image\":{\"@id\":\"https:\\\/\\\/ejwleo.de\\\/lagerlive\\\/2024\\\/die-ruhe-und-der-sturm\\\/#primaryimage\"},\"thumbnailUrl\":\"https:\\\/\\\/ejwleo.de\\\/lagerlive\\\/wp-content\\\/uploads\\\/sites\\\/2\\\/2024\\\/07\\\/DSC_3451-scaled.jpg\",\"inLanguage\":\"de\",\"potentialAction\":[{\"@type\":\"CommentAction\",\"name\":\"Comment\",\"target\":[\"https:\\\/\\\/ejwleo.de\\\/lagerlive\\\/2024\\\/die-ruhe-und-der-sturm\\\/#respond\"]}]},{\"@type\":\"WebPage\",\"@id\":\"https:\\\/\\\/ejwleo.de\\\/lagerlive\\\/2024\\\/die-ruhe-und-der-sturm\\\/\",\"url\":\"https:\\\/\\\/ejwleo.de\\\/lagerlive\\\/2024\\\/die-ruhe-und-der-sturm\\\/\",\"name\":\"Die Ruhe und der Sturm - LagerLive | Ev. Jugendwerk Bezirk Leonberg\",\"isPartOf\":{\"@id\":\"https:\\\/\\\/ejwleo.de\\\/lagerlive\\\/#website\"},\"primaryImageOfPage\":{\"@id\":\"https:\\\/\\\/ejwleo.de\\\/lagerlive\\\/2024\\\/die-ruhe-und-der-sturm\\\/#primaryimage\"},\"image\":{\"@id\":\"https:\\\/\\\/ejwleo.de\\\/lagerlive\\\/2024\\\/die-ruhe-und-der-sturm\\\/#primaryimage\"},\"thumbnailUrl\":\"https:\\\/\\\/ejwleo.de\\\/lagerlive\\\/wp-content\\\/uploads\\\/sites\\\/2\\\/2024\\\/07\\\/DSC_3451-scaled.jpg\",\"datePublished\":\"2024-07-28T15:01:00+00:00\",\"dateModified\":\"2024-07-31T15:41:23+00:00\",\"breadcrumb\":{\"@id\":\"https:\\\/\\\/ejwleo.de\\\/lagerlive\\\/2024\\\/die-ruhe-und-der-sturm\\\/#breadcrumb\"},\"inLanguage\":\"de\",\"potentialAction\":[{\"@type\":\"ReadAction\",\"target\":[\"https:\\\/\\\/ejwleo.de\\\/lagerlive\\\/2024\\\/die-ruhe-und-der-sturm\\\/\"]}]},{\"@type\":\"ImageObject\",\"inLanguage\":\"de\",\"@id\":\"https:\\\/\\\/ejwleo.de\\\/lagerlive\\\/2024\\\/die-ruhe-und-der-sturm\\\/#primaryimage\",\"url\":\"https:\\\/\\\/ejwleo.de\\\/lagerlive\\\/wp-content\\\/uploads\\\/sites\\\/2\\\/2024\\\/07\\\/DSC_3451-scaled.jpg\",\"contentUrl\":\"https:\\\/\\\/ejwleo.de\\\/lagerlive\\\/wp-content\\\/uploads\\\/sites\\\/2\\\/2024\\\/07\\\/DSC_3451-scaled.jpg\",\"width\":2048,\"height\":1365},{\"@type\":\"BreadcrumbList\",\"@id\":\"https:\\\/\\\/ejwleo.de\\\/lagerlive\\\/2024\\\/die-ruhe-und-der-sturm\\\/#breadcrumb\",\"itemListElement\":[{\"@type\":\"ListItem\",\"position\":1,\"name\":\"Startseite\",\"item\":\"https:\\\/\\\/ejwleo.de\\\/lagerlive\\\/\"},{\"@type\":\"ListItem\",\"position\":2,\"name\":\"Die Ruhe und der Sturm\"}]},{\"@type\":\"WebSite\",\"@id\":\"https:\\\/\\\/ejwleo.de\\\/lagerlive\\\/#website\",\"url\":\"https:\\\/\\\/ejwleo.de\\\/lagerlive\\\/\",\"name\":\"LagerLive | Ev. Jugendwerk Bezirk Leonberg\",\"description\":\"LagerLive | Ev. Jugendwerk Bezirk Leonberg\",\"publisher\":{\"@id\":\"https:\\\/\\\/ejwleo.de\\\/lagerlive\\\/#organization\"},\"potentialAction\":[{\"@type\":\"SearchAction\",\"target\":{\"@type\":\"EntryPoint\",\"urlTemplate\":\"https:\\\/\\\/ejwleo.de\\\/lagerlive\\\/?s={search_term_string}\"},\"query-input\":{\"@type\":\"PropertyValueSpecification\",\"valueRequired\":true,\"valueName\":\"search_term_string\"}}],\"inLanguage\":\"de\"},{\"@type\":\"Organization\",\"@id\":\"https:\\\/\\\/ejwleo.de\\\/lagerlive\\\/#organization\",\"name\":\"LagerLive | Ev. Jugendwerk Bezirk Leonberg\",\"url\":\"https:\\\/\\\/ejwleo.de\\\/lagerlive\\\/\",\"logo\":{\"@type\":\"ImageObject\",\"inLanguage\":\"de\",\"@id\":\"https:\\\/\\\/ejwleo.de\\\/lagerlive\\\/#\\\/schema\\\/logo\\\/image\\\/\",\"url\":\"\",\"contentUrl\":\"\",\"caption\":\"LagerLive | Ev. Jugendwerk Bezirk Leonberg\"},\"image\":{\"@id\":\"https:\\\/\\\/ejwleo.de\\\/lagerlive\\\/#\\\/schema\\\/logo\\\/image\\\/\"}},{\"@type\":\"Person\",\"@id\":\"https:\\\/\\\/ejwleo.de\\\/lagerlive\\\/#\\\/schema\\\/person\\\/44a8937a52d642e6f162c8270a0a7a4f\",\"name\":\"lagerlive\",\"image\":{\"@type\":\"ImageObject\",\"inLanguage\":\"de\",\"@id\":\"https:\\\/\\\/secure.gravatar.com\\\/avatar\\\/d8c19a8d0fb98782d7f5acb76362d4816576e735fb947faabd3e9260b7e7dbc7?s=96&d=mm&r=g\",\"url\":\"https:\\\/\\\/secure.gravatar.com\\\/avatar\\\/d8c19a8d0fb98782d7f5acb76362d4816576e735fb947faabd3e9260b7e7dbc7?s=96&d=mm&r=g\",\"contentUrl\":\"https:\\\/\\\/secure.gravatar.com\\\/avatar\\\/d8c19a8d0fb98782d7f5acb76362d4816576e735fb947faabd3e9260b7e7dbc7?s=96&d=mm&r=g\",\"caption\":\"lagerlive\"},\"url\":\"https:\\\/\\\/ejwleo.de\\\/lagerlive\\\/author\\\/lagerlive\\\/\"}]}<\/script>\n<!-- \/ Yoast SEO plugin. -->","yoast_head_json":{"title":"Die Ruhe und der Sturm - LagerLive | Ev. Jugendwerk Bezirk Leonberg","robots":{"index":"index","follow":"follow","max-snippet":"max-snippet:-1","max-image-preview":"max-image-preview:large","max-video-preview":"max-video-preview:-1"},"canonical":"https:\/\/ejwleo.de\/lagerlive\/2024\/die-ruhe-und-der-sturm\/","og_locale":"de_DE","og_type":"article","og_title":"Die Ruhe und der Sturm - LagerLive | Ev. Jugendwerk Bezirk Leonberg","og_description":"Heute geht es los!! Das Jungscharlager 2024 startet. Seit den fr\u00fchen Morgenstunden sind wir Mitarbeiter schon alle auf Trapp und warten darauf, dass der Bus mit den Kids endlich kommt. Es gab noch kleine Restaufgaben, doch zum Duschen hat es noch gelangt. P\u00fcnktlich fuhr der Bus vor und alle wurden geb\u00fchrend in Empfang genommen. Zu [&hellip;]","og_url":"https:\/\/ejwleo.de\/lagerlive\/2024\/die-ruhe-und-der-sturm\/","og_site_name":"LagerLive | Ev. Jugendwerk Bezirk Leonberg","article_published_time":"2024-07-28T15:01:00+00:00","article_modified_time":"2024-07-31T15:41:23+00:00","og_image":[{"width":2048,"height":1365,"url":"https:\/\/ejwleo.de\/lagerlive\/wp-content\/uploads\/sites\/2\/2024\/07\/DSC_3451-scaled.jpg","type":"image\/jpeg"}],"author":"lagerlive","twitter_card":"summary_large_image","twitter_misc":{"Verfasst von":"lagerlive","Gesch\u00e4tzte Lesezeit":"5\u00a0Minuten"},"schema":{"@context":"https:\/\/schema.org","@graph":[{"@type":"Article","@id":"https:\/\/ejwleo.de\/lagerlive\/2024\/die-ruhe-und-der-sturm\/#article","isPartOf":{"@id":"https:\/\/ejwleo.de\/lagerlive\/2024\/die-ruhe-und-der-sturm\/"},"author":{"name":"lagerlive","@id":"https:\/\/ejwleo.de\/lagerlive\/#\/schema\/person\/44a8937a52d642e6f162c8270a0a7a4f"},"headline":"Die Ruhe und der Sturm","datePublished":"2024-07-28T15:01:00+00:00","dateModified":"2024-07-31T15:41:23+00:00","mainEntityOfPage":{"@id":"https:\/\/ejwleo.de\/lagerlive\/2024\/die-ruhe-und-der-sturm\/"},"wordCount":355,"commentCount":0,"publisher":{"@id":"https:\/\/ejwleo.de\/lagerlive\/#organization"},"image":{"@id":"https:\/\/ejwleo.de\/lagerlive\/2024\/die-ruhe-und-der-sturm\/#primaryimage"},"thumbnailUrl":"https:\/\/ejwleo.de\/lagerlive\/wp-content\/uploads\/sites\/2\/2024\/07\/DSC_3451-scaled.jpg","inLanguage":"de","potentialAction":[{"@type":"CommentAction","name":"Comment","target":["https:\/\/ejwleo.de\/lagerlive\/2024\/die-ruhe-und-der-sturm\/#respond"]}]},{"@type":"WebPage","@id":"https:\/\/ejwleo.de\/lagerlive\/2024\/die-ruhe-und-der-sturm\/","url":"https:\/\/ejwleo.de\/lagerlive\/2024\/die-ruhe-und-der-sturm\/","name":"Die Ruhe und der Sturm - LagerLive | Ev. Jugendwerk Bezirk Leonberg","isPartOf":{"@id":"https:\/\/ejwleo.de\/lagerlive\/#website"},"primaryImageOfPage":{"@id":"https:\/\/ejwleo.de\/lagerlive\/2024\/die-ruhe-und-der-sturm\/#primaryimage"},"image":{"@id":"https:\/\/ejwleo.de\/lagerlive\/2024\/die-ruhe-und-der-sturm\/#primaryimage"},"thumbnailUrl":"https:\/\/ejwleo.de\/lagerlive\/wp-content\/uploads\/sites\/2\/2024\/07\/DSC_3451-scaled.jpg","datePublished":"2024-07-28T15:01:00+00:00","dateModified":"2024-07-31T15:41:23+00:00","breadcrumb":{"@id":"https:\/\/ejwleo.de\/lagerlive\/2024\/die-ruhe-und-der-sturm\/#breadcrumb"},"inLanguage":"de","potentialAction":[{"@type":"ReadAction","target":["https:\/\/ejwleo.de\/lagerlive\/2024\/die-ruhe-und-der-sturm\/"]}]},{"@type":"ImageObject","inLanguage":"de","@id":"https:\/\/ejwleo.de\/lagerlive\/2024\/die-ruhe-und-der-sturm\/#primaryimage","url":"https:\/\/ejwleo.de\/lagerlive\/wp-content\/uploads\/sites\/2\/2024\/07\/DSC_3451-scaled.jpg","contentUrl":"https:\/\/ejwleo.de\/lagerlive\/wp-content\/uploads\/sites\/2\/2024\/07\/DSC_3451-scaled.jpg","width":2048,"height":1365},{"@type":"BreadcrumbList","@id":"https:\/\/ejwleo.de\/lagerlive\/2024\/die-ruhe-und-der-sturm\/#breadcrumb","itemListElement":[{"@type":"ListItem","position":1,"name":"Startseite","item":"https:\/\/ejwleo.de\/lagerlive\/"},{"@type":"ListItem","position":2,"name":"Die Ruhe und der Sturm"}]},{"@type":"WebSite","@id":"https:\/\/ejwleo.de\/lagerlive\/#website","url":"https:\/\/ejwleo.de\/lagerlive\/","name":"LagerLive | Ev. Jugendwerk Bezirk Leonberg","description":"LagerLive | Ev. Jugendwerk Bezirk Leonberg","publisher":{"@id":"https:\/\/ejwleo.de\/lagerlive\/#organization"},"potentialAction":[{"@type":"SearchAction","target":{"@type":"EntryPoint","urlTemplate":"https:\/\/ejwleo.de\/lagerlive\/?s={search_term_string}"},"query-input":{"@type":"PropertyValueSpecification","valueRequired":true,"valueName":"search_term_string"}}],"inLanguage":"de"},{"@type":"Organization","@id":"https:\/\/ejwleo.de\/lagerlive\/#organization","name":"LagerLive | Ev. Jugendwerk Bezirk Leonberg","url":"https:\/\/ejwleo.de\/lagerlive\/","logo":{"@type":"ImageObject","inLanguage":"de","@id":"https:\/\/ejwleo.de\/lagerlive\/#\/schema\/logo\/image\/","url":"","contentUrl":"","caption":"LagerLive | Ev. Jugendwerk Bezirk Leonberg"},"image":{"@id":"https:\/\/ejwleo.de\/lagerlive\/#\/schema\/logo\/image\/"}},{"@type":"Person","@id":"https:\/\/ejwleo.de\/lagerlive\/#\/schema\/person\/44a8937a52d642e6f162c8270a0a7a4f","name":"lagerlive","image":{"@type":"ImageObject","inLanguage":"de","@id":"https:\/\/secure.gravatar.com\/avatar\/d8c19a8d0fb98782d7f5acb76362d4816576e735fb947faabd3e9260b7e7dbc7?s=96&d=mm&r=g","url":"https:\/\/secure.gravatar.com\/avatar\/d8c19a8d0fb98782d7f5acb76362d4816576e735fb947faabd3e9260b7e7dbc7?s=96&d=mm&r=g","contentUrl":"https:\/\/secure.gravatar.com\/avatar\/d8c19a8d0fb98782d7f5acb76362d4816576e735fb947faabd3e9260b7e7dbc7?s=96&d=mm&r=g","caption":"lagerlive"},"url":"https:\/\/ejwleo.de\/lagerlive\/author\/lagerlive\/"}]}},"_links":{"self":[{"href":"https:\/\/ejwleo.de\/lagerlive\/wp-json\/wp\/v2\/posts\/1068","targetHints":{"allow":["GET"]}}],"collection":[{"href":"https:\/\/ejwleo.de\/lagerlive\/wp-json\/wp\/v2\/posts"}],"about":[{"href":"https:\/\/ejwleo.de\/lagerlive\/wp-json\/wp\/v2\/types\/post"}],"author":[{"embeddable":true,"href":"https:\/\/ejwleo.de\/lagerlive\/wp-json\/wp\/v2\/users\/7"}],"replies":[{"embeddable":true,"href":"https:\/\/ejwleo.de\/lagerlive\/wp-json\/wp\/v2\/comments?post=1068"}],"version-history":[{"count":4,"href":"https:\/\/ejwleo.de\/lagerlive\/wp-json\/wp\/v2\/posts\/1068\/revisions"}],"predecessor-version":[{"id":1137,"href":"https:\/\/ejwleo.de\/lagerlive\/wp-json\/wp\/v2\/posts\/1068\/revisions\/1137"}],"wp:featuredmedia":[{"embeddable":true,"href":"https:\/\/ejwleo.de\/lagerlive\/wp-json\/wp\/v2\/media\/1092"}],"wp:attachment":[{"href":"https:\/\/ejwleo.de\/lagerlive\/wp-json\/wp\/v2\/media?parent=1068"}],"wp:term":[{"taxonomy":"category","embeddable":true,"href":"https:\/\/ejwleo.de\/lagerlive\/wp-json\/wp\/v2\/categories?post=1068"},{"taxonomy":"post_tag","embeddable":true,"href":"https:\/\/ejwleo.de\/lagerlive\/wp-json\/wp\/v2\/tags?post=1068"}],"curies":[{"name":"wp","href":"https:\/\/api.w.org\/{rel}","templated":true}]}}