{"id":1074,"date":"2024-07-30T17:23:39","date_gmt":"2024-07-30T15:23:39","guid":{"rendered":"https:\/\/ejwleo.de\/lagerlive\/?p=1074"},"modified":"2024-07-31T17:25:28","modified_gmt":"2024-07-31T15:25:28","slug":"rucksack-packen-und-weg","status":"publish","type":"post","link":"https:\/\/ejwleo.de\/lagerlive\/2024\/rucksack-packen-und-weg\/","title":{"rendered":"Rucksack packen und weg"},"content":{"rendered":"\n<p>Auch heute hie\u00df es wieder um 8Uhr aufstehen. Der Wecker in Form von einer sehr lauten Soundboks und dem Lied &#8222;Boom, Boom, Boom&#8220; und anschlie\u00dfender Polonese, ging es durch die Zelte zum Lagerkreuz. Bei so einem L\u00e4rm kann keiner mehr schlafen. Danach gab es wieder ein \u201eHallo Wach\u201c-Workout mit dem Morgensport-Team. Danach hie\u00df es ran an den Speck bzw. eher ans M\u00fcsli, um sich den Bauch voll zu schlagen f\u00fcr den bevorstehenden Tag.<\/p>\n\n\n\n<p>In der heutigen Bibelzeit, besch\u00e4ftigten wir uns heute mit dem Thema: &#8222;Heilung des Gel\u00e4hmten&#8220;. Im Anschluss wurde der n\u00e4chste Programmpunkt ver\u00f6ffentlicht -&gt; HIKE!! . Und sofort war der Jubel so gro\u00df, wie wenn Deutschland Weltmeister geworden w\u00e4re \ud83d\ude0a In den n\u00e4chsten 24-Stunden sind die Jungs und M\u00e4dels damit besch\u00e4ftigt ihren Wanderrucksack zu packen und mit ihrer Zeltgruppe auf eine kleine Wanderung mit \u00dcbernachtung au\u00dferhalb des Zeltplatzes zu gehen. Jedes Mal aufs Neue ein sehr geniales Highlight f\u00fcr Jung und Alt. Bevor die Gruppen losliefen gab es Spaghetti Bolognese und es wurden die Gruppenfotos gemacht. Danach hie\u00df es f\u00fcr die Zeltgruppen bei 32 Grad und viel Getr\u00e4nke auf zur \u00dcbernachtungsunterkunft die in 6-10km Entfernung liegt. Auf dem Weg durften alle Gruppen noch das legend\u00e4re Tauschspiel spielen und den bestm\u00f6glichen Gegenstand f\u00fcr eine Packung Taschent\u00fccher zu ertauschen.<\/p>\n\n\n\n<figure class=\"wp-block-image size-large\"><img loading=\"lazy\" decoding=\"async\" width=\"1024\" height=\"683\" src=\"https:\/\/ejwleo.de\/lagerlive\/wp-content\/uploads\/sites\/2\/2024\/07\/DSC_3923-1024x683.jpg\" alt=\"\" class=\"wp-image-1130\" srcset=\"https:\/\/ejwleo.de\/lagerlive\/wp-content\/uploads\/sites\/2\/2024\/07\/DSC_3923-1024x683.jpg 1024w, https:\/\/ejwleo.de\/lagerlive\/wp-content\/uploads\/sites\/2\/2024\/07\/DSC_3923-300x200.jpg 300w, https:\/\/ejwleo.de\/lagerlive\/wp-content\/uploads\/sites\/2\/2024\/07\/DSC_3923-768x512.jpg 768w, https:\/\/ejwleo.de\/lagerlive\/wp-content\/uploads\/sites\/2\/2024\/07\/DSC_3923-1536x1024.jpg 1536w, https:\/\/ejwleo.de\/lagerlive\/wp-content\/uploads\/sites\/2\/2024\/07\/DSC_3923-scaled.jpg 2048w\" sizes=\"auto, (max-width: 1024px) 100vw, 1024px\" \/><\/figure>\n\n\n\n<p>Die K\u00fcchenfeen, die Shopping-Queen, der B\u00e4schtler und die Lager-CEOs hatten nun einen leeren Zeltplatz und haben richtig gefeiert. <\/p>\n\n\n\n<figure class=\"wp-block-image size-large\"><img loading=\"lazy\" decoding=\"async\" width=\"683\" height=\"1024\" src=\"https:\/\/ejwleo.de\/lagerlive\/wp-content\/uploads\/sites\/2\/2024\/07\/DSC_3089-683x1024.jpg\" alt=\"\" class=\"wp-image-1131\" srcset=\"https:\/\/ejwleo.de\/lagerlive\/wp-content\/uploads\/sites\/2\/2024\/07\/DSC_3089-683x1024.jpg 683w, https:\/\/ejwleo.de\/lagerlive\/wp-content\/uploads\/sites\/2\/2024\/07\/DSC_3089-200x300.jpg 200w, https:\/\/ejwleo.de\/lagerlive\/wp-content\/uploads\/sites\/2\/2024\/07\/DSC_3089-768x1152.jpg 768w, https:\/\/ejwleo.de\/lagerlive\/wp-content\/uploads\/sites\/2\/2024\/07\/DSC_3089-1024x1536.jpg 1024w, https:\/\/ejwleo.de\/lagerlive\/wp-content\/uploads\/sites\/2\/2024\/07\/DSC_3089-scaled.jpg 1365w\" sizes=\"auto, (max-width: 683px) 100vw, 683px\" \/><\/figure>\n\n\n\n<figure class=\"wp-block-image size-large\"><img loading=\"lazy\" decoding=\"async\" width=\"683\" height=\"1024\" src=\"https:\/\/ejwleo.de\/lagerlive\/wp-content\/uploads\/sites\/2\/2024\/07\/DSC_3092-683x1024.jpg\" alt=\"\" class=\"wp-image-1132\" srcset=\"https:\/\/ejwleo.de\/lagerlive\/wp-content\/uploads\/sites\/2\/2024\/07\/DSC_3092-683x1024.jpg 683w, https:\/\/ejwleo.de\/lagerlive\/wp-content\/uploads\/sites\/2\/2024\/07\/DSC_3092-200x300.jpg 200w, https:\/\/ejwleo.de\/lagerlive\/wp-content\/uploads\/sites\/2\/2024\/07\/DSC_3092-768x1152.jpg 768w, https:\/\/ejwleo.de\/lagerlive\/wp-content\/uploads\/sites\/2\/2024\/07\/DSC_3092-1024x1536.jpg 1024w, https:\/\/ejwleo.de\/lagerlive\/wp-content\/uploads\/sites\/2\/2024\/07\/DSC_3092-scaled.jpg 1365w\" sizes=\"auto, (max-width: 683px) 100vw, 683px\" \/><\/figure>\n\n\n\n<figure class=\"wp-block-image size-large\"><img loading=\"lazy\" decoding=\"async\" width=\"683\" height=\"1024\" src=\"https:\/\/ejwleo.de\/lagerlive\/wp-content\/uploads\/sites\/2\/2024\/07\/DSC_3914-1-683x1024.jpg\" alt=\"\" class=\"wp-image-1134\" srcset=\"https:\/\/ejwleo.de\/lagerlive\/wp-content\/uploads\/sites\/2\/2024\/07\/DSC_3914-1-683x1024.jpg 683w, https:\/\/ejwleo.de\/lagerlive\/wp-content\/uploads\/sites\/2\/2024\/07\/DSC_3914-1-200x300.jpg 200w, https:\/\/ejwleo.de\/lagerlive\/wp-content\/uploads\/sites\/2\/2024\/07\/DSC_3914-1-768x1152.jpg 768w, https:\/\/ejwleo.de\/lagerlive\/wp-content\/uploads\/sites\/2\/2024\/07\/DSC_3914-1-1024x1536.jpg 1024w, https:\/\/ejwleo.de\/lagerlive\/wp-content\/uploads\/sites\/2\/2024\/07\/DSC_3914-1-scaled.jpg 1365w\" sizes=\"auto, (max-width: 683px) 100vw, 683px\" \/><\/figure>\n\n\n\n<figure class=\"wp-block-image size-large\"><img loading=\"lazy\" decoding=\"async\" width=\"683\" height=\"1024\" src=\"https:\/\/ejwleo.de\/lagerlive\/wp-content\/uploads\/sites\/2\/2024\/07\/DSC_3988-683x1024.jpg\" alt=\"\" class=\"wp-image-1135\" srcset=\"https:\/\/ejwleo.de\/lagerlive\/wp-content\/uploads\/sites\/2\/2024\/07\/DSC_3988-683x1024.jpg 683w, https:\/\/ejwleo.de\/lagerlive\/wp-content\/uploads\/sites\/2\/2024\/07\/DSC_3988-200x300.jpg 200w, https:\/\/ejwleo.de\/lagerlive\/wp-content\/uploads\/sites\/2\/2024\/07\/DSC_3988-768x1152.jpg 768w, https:\/\/ejwleo.de\/lagerlive\/wp-content\/uploads\/sites\/2\/2024\/07\/DSC_3988-1024x1536.jpg 1024w, https:\/\/ejwleo.de\/lagerlive\/wp-content\/uploads\/sites\/2\/2024\/07\/DSC_3988-scaled.jpg 1365w\" sizes=\"auto, (max-width: 683px) 100vw, 683px\" \/><\/figure>\n","protected":false},"excerpt":{"rendered":"<p>Auch heute hie\u00df es wieder um 8Uhr aufstehen. Der Wecker in Form von einer sehr lauten Soundboks und dem Lied &#8222;Boom, Boom, Boom&#8220; und anschlie\u00dfender Polonese, ging es durch die Zelte zum Lagerkreuz. Bei so einem L\u00e4rm kann keiner mehr schlafen. Danach gab es wieder ein \u201eHallo Wach\u201c-Workout mit dem Morgensport-Team. Danach hie\u00df es ran [&hellip;]<\/p>\n","protected":false},"author":7,"featured_media":1130,"comment_status":"open","ping_status":"open","sticky":false,"template":"","format":"standard","meta":{"_acf_changed":false,"footnotes":""},"categories":[1],"tags":[],"class_list":["post-1074","post","type-post","status-publish","format-standard","has-post-thumbnail","hentry","category-allgemein"],"acf":[],"yoast_head":"<!-- This site is optimized with the Yoast SEO plugin v27.4 - https:\/\/yoast.com\/product\/yoast-seo-wordpress\/ -->\n<title>Rucksack packen und weg - LagerLive | Ev. Jugendwerk Bezirk Leonberg<\/title>\n<meta name=\"robots\" content=\"index, follow, max-snippet:-1, max-image-preview:large, max-video-preview:-1\" \/>\n<link rel=\"canonical\" href=\"https:\/\/ejwleo.de\/lagerlive\/2024\/rucksack-packen-und-weg\/\" \/>\n<meta property=\"og:locale\" content=\"de_DE\" \/>\n<meta property=\"og:type\" content=\"article\" \/>\n<meta property=\"og:title\" content=\"Rucksack packen und weg - LagerLive | Ev. Jugendwerk Bezirk Leonberg\" \/>\n<meta property=\"og:description\" content=\"Auch heute hie\u00df es wieder um 8Uhr aufstehen. Der Wecker in Form von einer sehr lauten Soundboks und dem Lied &#8222;Boom, Boom, Boom&#8220; und anschlie\u00dfender Polonese, ging es durch die Zelte zum Lagerkreuz. Bei so einem L\u00e4rm kann keiner mehr schlafen. Danach gab es wieder ein \u201eHallo Wach\u201c-Workout mit dem Morgensport-Team. Danach hie\u00df es ran [&hellip;]\" \/>\n<meta property=\"og:url\" content=\"https:\/\/ejwleo.de\/lagerlive\/2024\/rucksack-packen-und-weg\/\" \/>\n<meta property=\"og:site_name\" content=\"LagerLive | Ev. Jugendwerk Bezirk Leonberg\" \/>\n<meta property=\"article:published_time\" content=\"2024-07-30T15:23:39+00:00\" \/>\n<meta property=\"article:modified_time\" content=\"2024-07-31T15:25:28+00:00\" \/>\n<meta property=\"og:image\" content=\"https:\/\/ejwleo.de\/lagerlive\/wp-content\/uploads\/sites\/2\/2024\/07\/DSC_3923-scaled.jpg\" \/>\n\t<meta property=\"og:image:width\" content=\"2048\" \/>\n\t<meta property=\"og:image:height\" content=\"1365\" \/>\n\t<meta property=\"og:image:type\" content=\"image\/jpeg\" \/>\n<meta name=\"author\" content=\"lagerlive\" \/>\n<meta name=\"twitter:card\" content=\"summary_large_image\" \/>\n<meta name=\"twitter:label1\" content=\"Verfasst von\" \/>\n\t<meta name=\"twitter:data1\" content=\"lagerlive\" \/>\n\t<meta name=\"twitter:label2\" content=\"Gesch\u00e4tzte Lesezeit\" \/>\n\t<meta name=\"twitter:data2\" content=\"3\u00a0Minuten\" \/>\n<script type=\"application\/ld+json\" class=\"yoast-schema-graph\">{\"@context\":\"https:\\\/\\\/schema.org\",\"@graph\":[{\"@type\":\"Article\",\"@id\":\"https:\\\/\\\/ejwleo.de\\\/lagerlive\\\/2024\\\/rucksack-packen-und-weg\\\/#article\",\"isPartOf\":{\"@id\":\"https:\\\/\\\/ejwleo.de\\\/lagerlive\\\/2024\\\/rucksack-packen-und-weg\\\/\"},\"author\":{\"name\":\"lagerlive\",\"@id\":\"https:\\\/\\\/ejwleo.de\\\/lagerlive\\\/#\\\/schema\\\/person\\\/44a8937a52d642e6f162c8270a0a7a4f\"},\"headline\":\"Rucksack packen und weg\",\"datePublished\":\"2024-07-30T15:23:39+00:00\",\"dateModified\":\"2024-07-31T15:25:28+00:00\",\"mainEntityOfPage\":{\"@id\":\"https:\\\/\\\/ejwleo.de\\\/lagerlive\\\/2024\\\/rucksack-packen-und-weg\\\/\"},\"wordCount\":252,\"commentCount\":0,\"publisher\":{\"@id\":\"https:\\\/\\\/ejwleo.de\\\/lagerlive\\\/#organization\"},\"image\":{\"@id\":\"https:\\\/\\\/ejwleo.de\\\/lagerlive\\\/2024\\\/rucksack-packen-und-weg\\\/#primaryimage\"},\"thumbnailUrl\":\"https:\\\/\\\/ejwleo.de\\\/lagerlive\\\/wp-content\\\/uploads\\\/sites\\\/2\\\/2024\\\/07\\\/DSC_3923-scaled.jpg\",\"inLanguage\":\"de\",\"potentialAction\":[{\"@type\":\"CommentAction\",\"name\":\"Comment\",\"target\":[\"https:\\\/\\\/ejwleo.de\\\/lagerlive\\\/2024\\\/rucksack-packen-und-weg\\\/#respond\"]}]},{\"@type\":\"WebPage\",\"@id\":\"https:\\\/\\\/ejwleo.de\\\/lagerlive\\\/2024\\\/rucksack-packen-und-weg\\\/\",\"url\":\"https:\\\/\\\/ejwleo.de\\\/lagerlive\\\/2024\\\/rucksack-packen-und-weg\\\/\",\"name\":\"Rucksack packen und weg - LagerLive | Ev. Jugendwerk Bezirk Leonberg\",\"isPartOf\":{\"@id\":\"https:\\\/\\\/ejwleo.de\\\/lagerlive\\\/#website\"},\"primaryImageOfPage\":{\"@id\":\"https:\\\/\\\/ejwleo.de\\\/lagerlive\\\/2024\\\/rucksack-packen-und-weg\\\/#primaryimage\"},\"image\":{\"@id\":\"https:\\\/\\\/ejwleo.de\\\/lagerlive\\\/2024\\\/rucksack-packen-und-weg\\\/#primaryimage\"},\"thumbnailUrl\":\"https:\\\/\\\/ejwleo.de\\\/lagerlive\\\/wp-content\\\/uploads\\\/sites\\\/2\\\/2024\\\/07\\\/DSC_3923-scaled.jpg\",\"datePublished\":\"2024-07-30T15:23:39+00:00\",\"dateModified\":\"2024-07-31T15:25:28+00:00\",\"breadcrumb\":{\"@id\":\"https:\\\/\\\/ejwleo.de\\\/lagerlive\\\/2024\\\/rucksack-packen-und-weg\\\/#breadcrumb\"},\"inLanguage\":\"de\",\"potentialAction\":[{\"@type\":\"ReadAction\",\"target\":[\"https:\\\/\\\/ejwleo.de\\\/lagerlive\\\/2024\\\/rucksack-packen-und-weg\\\/\"]}]},{\"@type\":\"ImageObject\",\"inLanguage\":\"de\",\"@id\":\"https:\\\/\\\/ejwleo.de\\\/lagerlive\\\/2024\\\/rucksack-packen-und-weg\\\/#primaryimage\",\"url\":\"https:\\\/\\\/ejwleo.de\\\/lagerlive\\\/wp-content\\\/uploads\\\/sites\\\/2\\\/2024\\\/07\\\/DSC_3923-scaled.jpg\",\"contentUrl\":\"https:\\\/\\\/ejwleo.de\\\/lagerlive\\\/wp-content\\\/uploads\\\/sites\\\/2\\\/2024\\\/07\\\/DSC_3923-scaled.jpg\",\"width\":2048,\"height\":1365},{\"@type\":\"BreadcrumbList\",\"@id\":\"https:\\\/\\\/ejwleo.de\\\/lagerlive\\\/2024\\\/rucksack-packen-und-weg\\\/#breadcrumb\",\"itemListElement\":[{\"@type\":\"ListItem\",\"position\":1,\"name\":\"Startseite\",\"item\":\"https:\\\/\\\/ejwleo.de\\\/lagerlive\\\/\"},{\"@type\":\"ListItem\",\"position\":2,\"name\":\"Rucksack packen und weg\"}]},{\"@type\":\"WebSite\",\"@id\":\"https:\\\/\\\/ejwleo.de\\\/lagerlive\\\/#website\",\"url\":\"https:\\\/\\\/ejwleo.de\\\/lagerlive\\\/\",\"name\":\"LagerLive | Ev. Jugendwerk Bezirk Leonberg\",\"description\":\"LagerLive | Ev. Jugendwerk Bezirk Leonberg\",\"publisher\":{\"@id\":\"https:\\\/\\\/ejwleo.de\\\/lagerlive\\\/#organization\"},\"potentialAction\":[{\"@type\":\"SearchAction\",\"target\":{\"@type\":\"EntryPoint\",\"urlTemplate\":\"https:\\\/\\\/ejwleo.de\\\/lagerlive\\\/?s={search_term_string}\"},\"query-input\":{\"@type\":\"PropertyValueSpecification\",\"valueRequired\":true,\"valueName\":\"search_term_string\"}}],\"inLanguage\":\"de\"},{\"@type\":\"Organization\",\"@id\":\"https:\\\/\\\/ejwleo.de\\\/lagerlive\\\/#organization\",\"name\":\"LagerLive | Ev. Jugendwerk Bezirk Leonberg\",\"url\":\"https:\\\/\\\/ejwleo.de\\\/lagerlive\\\/\",\"logo\":{\"@type\":\"ImageObject\",\"inLanguage\":\"de\",\"@id\":\"https:\\\/\\\/ejwleo.de\\\/lagerlive\\\/#\\\/schema\\\/logo\\\/image\\\/\",\"url\":\"\",\"contentUrl\":\"\",\"caption\":\"LagerLive | Ev. Jugendwerk Bezirk Leonberg\"},\"image\":{\"@id\":\"https:\\\/\\\/ejwleo.de\\\/lagerlive\\\/#\\\/schema\\\/logo\\\/image\\\/\"}},{\"@type\":\"Person\",\"@id\":\"https:\\\/\\\/ejwleo.de\\\/lagerlive\\\/#\\\/schema\\\/person\\\/44a8937a52d642e6f162c8270a0a7a4f\",\"name\":\"lagerlive\",\"image\":{\"@type\":\"ImageObject\",\"inLanguage\":\"de\",\"@id\":\"https:\\\/\\\/secure.gravatar.com\\\/avatar\\\/d8c19a8d0fb98782d7f5acb76362d4816576e735fb947faabd3e9260b7e7dbc7?s=96&d=mm&r=g\",\"url\":\"https:\\\/\\\/secure.gravatar.com\\\/avatar\\\/d8c19a8d0fb98782d7f5acb76362d4816576e735fb947faabd3e9260b7e7dbc7?s=96&d=mm&r=g\",\"contentUrl\":\"https:\\\/\\\/secure.gravatar.com\\\/avatar\\\/d8c19a8d0fb98782d7f5acb76362d4816576e735fb947faabd3e9260b7e7dbc7?s=96&d=mm&r=g\",\"caption\":\"lagerlive\"},\"url\":\"https:\\\/\\\/ejwleo.de\\\/lagerlive\\\/author\\\/lagerlive\\\/\"}]}<\/script>\n<!-- \/ Yoast SEO plugin. -->","yoast_head_json":{"title":"Rucksack packen und weg - LagerLive | Ev. Jugendwerk Bezirk Leonberg","robots":{"index":"index","follow":"follow","max-snippet":"max-snippet:-1","max-image-preview":"max-image-preview:large","max-video-preview":"max-video-preview:-1"},"canonical":"https:\/\/ejwleo.de\/lagerlive\/2024\/rucksack-packen-und-weg\/","og_locale":"de_DE","og_type":"article","og_title":"Rucksack packen und weg - LagerLive | Ev. Jugendwerk Bezirk Leonberg","og_description":"Auch heute hie\u00df es wieder um 8Uhr aufstehen. Der Wecker in Form von einer sehr lauten Soundboks und dem Lied &#8222;Boom, Boom, Boom&#8220; und anschlie\u00dfender Polonese, ging es durch die Zelte zum Lagerkreuz. Bei so einem L\u00e4rm kann keiner mehr schlafen. Danach gab es wieder ein \u201eHallo Wach\u201c-Workout mit dem Morgensport-Team. Danach hie\u00df es ran [&hellip;]","og_url":"https:\/\/ejwleo.de\/lagerlive\/2024\/rucksack-packen-und-weg\/","og_site_name":"LagerLive | Ev. Jugendwerk Bezirk Leonberg","article_published_time":"2024-07-30T15:23:39+00:00","article_modified_time":"2024-07-31T15:25:28+00:00","og_image":[{"width":2048,"height":1365,"url":"https:\/\/ejwleo.de\/lagerlive\/wp-content\/uploads\/sites\/2\/2024\/07\/DSC_3923-scaled.jpg","type":"image\/jpeg"}],"author":"lagerlive","twitter_card":"summary_large_image","twitter_misc":{"Verfasst von":"lagerlive","Gesch\u00e4tzte Lesezeit":"3\u00a0Minuten"},"schema":{"@context":"https:\/\/schema.org","@graph":[{"@type":"Article","@id":"https:\/\/ejwleo.de\/lagerlive\/2024\/rucksack-packen-und-weg\/#article","isPartOf":{"@id":"https:\/\/ejwleo.de\/lagerlive\/2024\/rucksack-packen-und-weg\/"},"author":{"name":"lagerlive","@id":"https:\/\/ejwleo.de\/lagerlive\/#\/schema\/person\/44a8937a52d642e6f162c8270a0a7a4f"},"headline":"Rucksack packen und weg","datePublished":"2024-07-30T15:23:39+00:00","dateModified":"2024-07-31T15:25:28+00:00","mainEntityOfPage":{"@id":"https:\/\/ejwleo.de\/lagerlive\/2024\/rucksack-packen-und-weg\/"},"wordCount":252,"commentCount":0,"publisher":{"@id":"https:\/\/ejwleo.de\/lagerlive\/#organization"},"image":{"@id":"https:\/\/ejwleo.de\/lagerlive\/2024\/rucksack-packen-und-weg\/#primaryimage"},"thumbnailUrl":"https:\/\/ejwleo.de\/lagerlive\/wp-content\/uploads\/sites\/2\/2024\/07\/DSC_3923-scaled.jpg","inLanguage":"de","potentialAction":[{"@type":"CommentAction","name":"Comment","target":["https:\/\/ejwleo.de\/lagerlive\/2024\/rucksack-packen-und-weg\/#respond"]}]},{"@type":"WebPage","@id":"https:\/\/ejwleo.de\/lagerlive\/2024\/rucksack-packen-und-weg\/","url":"https:\/\/ejwleo.de\/lagerlive\/2024\/rucksack-packen-und-weg\/","name":"Rucksack packen und weg - LagerLive | Ev. Jugendwerk Bezirk Leonberg","isPartOf":{"@id":"https:\/\/ejwleo.de\/lagerlive\/#website"},"primaryImageOfPage":{"@id":"https:\/\/ejwleo.de\/lagerlive\/2024\/rucksack-packen-und-weg\/#primaryimage"},"image":{"@id":"https:\/\/ejwleo.de\/lagerlive\/2024\/rucksack-packen-und-weg\/#primaryimage"},"thumbnailUrl":"https:\/\/ejwleo.de\/lagerlive\/wp-content\/uploads\/sites\/2\/2024\/07\/DSC_3923-scaled.jpg","datePublished":"2024-07-30T15:23:39+00:00","dateModified":"2024-07-31T15:25:28+00:00","breadcrumb":{"@id":"https:\/\/ejwleo.de\/lagerlive\/2024\/rucksack-packen-und-weg\/#breadcrumb"},"inLanguage":"de","potentialAction":[{"@type":"ReadAction","target":["https:\/\/ejwleo.de\/lagerlive\/2024\/rucksack-packen-und-weg\/"]}]},{"@type":"ImageObject","inLanguage":"de","@id":"https:\/\/ejwleo.de\/lagerlive\/2024\/rucksack-packen-und-weg\/#primaryimage","url":"https:\/\/ejwleo.de\/lagerlive\/wp-content\/uploads\/sites\/2\/2024\/07\/DSC_3923-scaled.jpg","contentUrl":"https:\/\/ejwleo.de\/lagerlive\/wp-content\/uploads\/sites\/2\/2024\/07\/DSC_3923-scaled.jpg","width":2048,"height":1365},{"@type":"BreadcrumbList","@id":"https:\/\/ejwleo.de\/lagerlive\/2024\/rucksack-packen-und-weg\/#breadcrumb","itemListElement":[{"@type":"ListItem","position":1,"name":"Startseite","item":"https:\/\/ejwleo.de\/lagerlive\/"},{"@type":"ListItem","position":2,"name":"Rucksack packen und weg"}]},{"@type":"WebSite","@id":"https:\/\/ejwleo.de\/lagerlive\/#website","url":"https:\/\/ejwleo.de\/lagerlive\/","name":"LagerLive | Ev. Jugendwerk Bezirk Leonberg","description":"LagerLive | Ev. Jugendwerk Bezirk Leonberg","publisher":{"@id":"https:\/\/ejwleo.de\/lagerlive\/#organization"},"potentialAction":[{"@type":"SearchAction","target":{"@type":"EntryPoint","urlTemplate":"https:\/\/ejwleo.de\/lagerlive\/?s={search_term_string}"},"query-input":{"@type":"PropertyValueSpecification","valueRequired":true,"valueName":"search_term_string"}}],"inLanguage":"de"},{"@type":"Organization","@id":"https:\/\/ejwleo.de\/lagerlive\/#organization","name":"LagerLive | Ev. Jugendwerk Bezirk Leonberg","url":"https:\/\/ejwleo.de\/lagerlive\/","logo":{"@type":"ImageObject","inLanguage":"de","@id":"https:\/\/ejwleo.de\/lagerlive\/#\/schema\/logo\/image\/","url":"","contentUrl":"","caption":"LagerLive | Ev. Jugendwerk Bezirk Leonberg"},"image":{"@id":"https:\/\/ejwleo.de\/lagerlive\/#\/schema\/logo\/image\/"}},{"@type":"Person","@id":"https:\/\/ejwleo.de\/lagerlive\/#\/schema\/person\/44a8937a52d642e6f162c8270a0a7a4f","name":"lagerlive","image":{"@type":"ImageObject","inLanguage":"de","@id":"https:\/\/secure.gravatar.com\/avatar\/d8c19a8d0fb98782d7f5acb76362d4816576e735fb947faabd3e9260b7e7dbc7?s=96&d=mm&r=g","url":"https:\/\/secure.gravatar.com\/avatar\/d8c19a8d0fb98782d7f5acb76362d4816576e735fb947faabd3e9260b7e7dbc7?s=96&d=mm&r=g","contentUrl":"https:\/\/secure.gravatar.com\/avatar\/d8c19a8d0fb98782d7f5acb76362d4816576e735fb947faabd3e9260b7e7dbc7?s=96&d=mm&r=g","caption":"lagerlive"},"url":"https:\/\/ejwleo.de\/lagerlive\/author\/lagerlive\/"}]}},"_links":{"self":[{"href":"https:\/\/ejwleo.de\/lagerlive\/wp-json\/wp\/v2\/posts\/1074","targetHints":{"allow":["GET"]}}],"collection":[{"href":"https:\/\/ejwleo.de\/lagerlive\/wp-json\/wp\/v2\/posts"}],"about":[{"href":"https:\/\/ejwleo.de\/lagerlive\/wp-json\/wp\/v2\/types\/post"}],"author":[{"embeddable":true,"href":"https:\/\/ejwleo.de\/lagerlive\/wp-json\/wp\/v2\/users\/7"}],"replies":[{"embeddable":true,"href":"https:\/\/ejwleo.de\/lagerlive\/wp-json\/wp\/v2\/comments?post=1074"}],"version-history":[{"count":4,"href":"https:\/\/ejwleo.de\/lagerlive\/wp-json\/wp\/v2\/posts\/1074\/revisions"}],"predecessor-version":[{"id":1136,"href":"https:\/\/ejwleo.de\/lagerlive\/wp-json\/wp\/v2\/posts\/1074\/revisions\/1136"}],"wp:featuredmedia":[{"embeddable":true,"href":"https:\/\/ejwleo.de\/lagerlive\/wp-json\/wp\/v2\/media\/1130"}],"wp:attachment":[{"href":"https:\/\/ejwleo.de\/lagerlive\/wp-json\/wp\/v2\/media?parent=1074"}],"wp:term":[{"taxonomy":"category","embeddable":true,"href":"https:\/\/ejwleo.de\/lagerlive\/wp-json\/wp\/v2\/categories?post=1074"},{"taxonomy":"post_tag","embeddable":true,"href":"https:\/\/ejwleo.de\/lagerlive\/wp-json\/wp\/v2\/tags?post=1074"}],"curies":[{"name":"wp","href":"https:\/\/api.w.org\/{rel}","templated":true}]}}