{"id":1138,"date":"2024-07-31T16:30:24","date_gmt":"2024-07-31T14:30:24","guid":{"rendered":"https:\/\/ejwleo.de\/lagerlive\/?p=1138"},"modified":"2024-08-01T16:56:42","modified_gmt":"2024-08-01T14:56:42","slug":"auftanken-mit-abkuehlung","status":"publish","type":"post","link":"https:\/\/ejwleo.de\/lagerlive\/2024\/auftanken-mit-abkuehlung\/","title":{"rendered":"Auftanken mit Abk\u00fchlung"},"content":{"rendered":"\n<p>Heute startete der Tag komplett anders, die Jungs und M\u00e4dels haben in einer Schutzh\u00fctte oder in einem Gemeindehaus \u00fcbernachtet. Wann jedes Zelt aufgestanden ist und wie sie fit geworden sind war das Problem der jeweiligen Mitarbeiter*in. Die einzige Vorgabe, die es gab, war 12:30Uhr zum Mittagessen aufm Zeltplatz wieder zu sein. P\u00fcnktlich um 12:30Uhr waren fast alle Zeltgruppen wieder auf dem Platz und es gab auch direkt Mittagessen. Heute gab Fleischk\u00e4sbr\u00f6tchen.<\/p>\n\n\n\n<p>Gest\u00e4rkt, aber trotzdem v\u00f6llig ersch\u00f6pft, war nachdem Mittagessen wieder eine Mittagspause bis der n\u00e4chste Programmpunkt anstand. Man konnte sein Rucksack nun wieder leerr\u00e4umen, sein Feldbett herrichten, einfach einen Mittagsschlaf machen oder chillen. Au\u00dferdem \u00f6ffnete das Lager-L\u00e4dle wieder seine Tore und die Einkaufschlange war mal wieder endloslang \ud83d\ude0a Nach der Mittagspause ging es mit einem chilligen Programmpunkt weiter, und zwar stand auf der Tagesordnung \u201eWorkshops\u201c. Hier konnten die M\u00e4dels und Jungs z.B. ihr Lagershirt mit Namen bedrucken, diverse Dinge wie z.B. eine Rakete bauen, wer noch fit genug war konnte sich auch nochmal beim Sport auspowern oder wer nur chillen wollte genoss einfach die Ruhe im Zelt oder im Schatten. F\u00fcr den ein oder anderen genau das Richtige nach so einer anstrengenden Wanderung. Im Anschluss gab es bei gf\u00fchlt 40\u00b0C im Schatten zur Abk\u00fchlung eine ausgiebige Wasserschlacht, f\u00fcr den der wollte. Auf die Wasserschlacht folgten die legend\u00e4ren Duschpartys. Auch heute fingen die M\u00e4dels an und sind bei bester Musik komplett eskaliert. Danach eskalierten die Jungs  bei bester Musik\ud83d\ude0a<\/p>\n\n\n\n<p>Da die letzten 24-Stunden f\u00fcr manche sehr anstrengend waren, hatten wir heute auch ein etwas ruhigeres Abendprogramm. Heute hatte jeder Teilnehmer*in zeit sich an verschiedenen Stationen Zeit f\u00fcr sich und Gott zu nehmen und dass ein oder andere was auf dem Herzen lag an einer Seelsorgestation loszuwerden. Heute stand n\u00e4mlich die ber\u00fchmt ber\u00fcchtigte \u201eLichterspur\u201c auf dem Programm. Wie bereits erw\u00e4hnt ging es heute einfach um einen selbst und die Beziehung zu Gott. Ein flie\u00dfender \u00dcbergang zum Abendabschluss bereitete die letzte Station \u201eSingen am Lagerfeuer\u201c. Der Abendabschluss ging heute auch l\u00e4nger, da gef\u00fchlt alle \u00fcber das berichten wollten, was sie auf dem HIKE erlebt hatten.<\/p>\n\n\n\n<figure class=\"wp-block-image size-large\"><img loading=\"lazy\" decoding=\"async\" width=\"683\" height=\"1024\" src=\"https:\/\/ejwleo.de\/lagerlive\/wp-content\/uploads\/sites\/2\/2024\/08\/DSC_4042-683x1024.jpg\" alt=\"\" class=\"wp-image-1140\" srcset=\"https:\/\/ejwleo.de\/lagerlive\/wp-content\/uploads\/sites\/2\/2024\/08\/DSC_4042-683x1024.jpg 683w, https:\/\/ejwleo.de\/lagerlive\/wp-content\/uploads\/sites\/2\/2024\/08\/DSC_4042-200x300.jpg 200w, https:\/\/ejwleo.de\/lagerlive\/wp-content\/uploads\/sites\/2\/2024\/08\/DSC_4042-768x1152.jpg 768w, https:\/\/ejwleo.de\/lagerlive\/wp-content\/uploads\/sites\/2\/2024\/08\/DSC_4042-1024x1536.jpg 1024w, https:\/\/ejwleo.de\/lagerlive\/wp-content\/uploads\/sites\/2\/2024\/08\/DSC_4042-scaled.jpg 1365w\" sizes=\"auto, (max-width: 683px) 100vw, 683px\" \/><\/figure>\n\n\n\n<figure class=\"wp-block-image size-large\"><img loading=\"lazy\" decoding=\"async\" width=\"1024\" height=\"683\" src=\"https:\/\/ejwleo.de\/lagerlive\/wp-content\/uploads\/sites\/2\/2024\/08\/DSC_4020-1024x683.jpg\" alt=\"\" class=\"wp-image-1141\" srcset=\"https:\/\/ejwleo.de\/lagerlive\/wp-content\/uploads\/sites\/2\/2024\/08\/DSC_4020-1024x683.jpg 1024w, https:\/\/ejwleo.de\/lagerlive\/wp-content\/uploads\/sites\/2\/2024\/08\/DSC_4020-300x200.jpg 300w, https:\/\/ejwleo.de\/lagerlive\/wp-content\/uploads\/sites\/2\/2024\/08\/DSC_4020-768x512.jpg 768w, https:\/\/ejwleo.de\/lagerlive\/wp-content\/uploads\/sites\/2\/2024\/08\/DSC_4020-1536x1024.jpg 1536w, https:\/\/ejwleo.de\/lagerlive\/wp-content\/uploads\/sites\/2\/2024\/08\/DSC_4020-scaled.jpg 2048w\" sizes=\"auto, (max-width: 1024px) 100vw, 1024px\" \/><\/figure>\n\n\n\n<figure class=\"wp-block-image size-large\"><img loading=\"lazy\" decoding=\"async\" width=\"683\" height=\"1024\" src=\"https:\/\/ejwleo.de\/lagerlive\/wp-content\/uploads\/sites\/2\/2024\/08\/DSC_4027-683x1024.jpg\" alt=\"\" class=\"wp-image-1142\" srcset=\"https:\/\/ejwleo.de\/lagerlive\/wp-content\/uploads\/sites\/2\/2024\/08\/DSC_4027-683x1024.jpg 683w, https:\/\/ejwleo.de\/lagerlive\/wp-content\/uploads\/sites\/2\/2024\/08\/DSC_4027-200x300.jpg 200w, https:\/\/ejwleo.de\/lagerlive\/wp-content\/uploads\/sites\/2\/2024\/08\/DSC_4027-768x1152.jpg 768w, https:\/\/ejwleo.de\/lagerlive\/wp-content\/uploads\/sites\/2\/2024\/08\/DSC_4027-1024x1536.jpg 1024w, https:\/\/ejwleo.de\/lagerlive\/wp-content\/uploads\/sites\/2\/2024\/08\/DSC_4027-scaled.jpg 1365w\" sizes=\"auto, (max-width: 683px) 100vw, 683px\" \/><\/figure>\n\n\n\n<figure class=\"wp-block-image size-large\"><img loading=\"lazy\" decoding=\"async\" width=\"1024\" height=\"683\" src=\"https:\/\/ejwleo.de\/lagerlive\/wp-content\/uploads\/sites\/2\/2024\/08\/DSC_4045-1024x683.jpg\" alt=\"\" class=\"wp-image-1143\" srcset=\"https:\/\/ejwleo.de\/lagerlive\/wp-content\/uploads\/sites\/2\/2024\/08\/DSC_4045-1024x683.jpg 1024w, https:\/\/ejwleo.de\/lagerlive\/wp-content\/uploads\/sites\/2\/2024\/08\/DSC_4045-300x200.jpg 300w, https:\/\/ejwleo.de\/lagerlive\/wp-content\/uploads\/sites\/2\/2024\/08\/DSC_4045-768x512.jpg 768w, https:\/\/ejwleo.de\/lagerlive\/wp-content\/uploads\/sites\/2\/2024\/08\/DSC_4045-1536x1024.jpg 1536w, https:\/\/ejwleo.de\/lagerlive\/wp-content\/uploads\/sites\/2\/2024\/08\/DSC_4045-scaled.jpg 2048w\" sizes=\"auto, (max-width: 1024px) 100vw, 1024px\" \/><\/figure>\n\n\n\n<figure class=\"wp-block-image size-large\"><img loading=\"lazy\" decoding=\"async\" width=\"683\" height=\"1024\" src=\"https:\/\/ejwleo.de\/lagerlive\/wp-content\/uploads\/sites\/2\/2024\/08\/DSC_4016-683x1024.jpg\" alt=\"\" class=\"wp-image-1148\" srcset=\"https:\/\/ejwleo.de\/lagerlive\/wp-content\/uploads\/sites\/2\/2024\/08\/DSC_4016-683x1024.jpg 683w, https:\/\/ejwleo.de\/lagerlive\/wp-content\/uploads\/sites\/2\/2024\/08\/DSC_4016-200x300.jpg 200w, https:\/\/ejwleo.de\/lagerlive\/wp-content\/uploads\/sites\/2\/2024\/08\/DSC_4016-768x1152.jpg 768w, https:\/\/ejwleo.de\/lagerlive\/wp-content\/uploads\/sites\/2\/2024\/08\/DSC_4016-1024x1536.jpg 1024w, https:\/\/ejwleo.de\/lagerlive\/wp-content\/uploads\/sites\/2\/2024\/08\/DSC_4016-scaled.jpg 1365w\" sizes=\"auto, (max-width: 683px) 100vw, 683px\" \/><\/figure>\n\n\n\n<figure class=\"wp-block-image size-large\"><img loading=\"lazy\" decoding=\"async\" width=\"683\" height=\"1024\" src=\"https:\/\/ejwleo.de\/lagerlive\/wp-content\/uploads\/sites\/2\/2024\/08\/DSC_4083-683x1024.jpg\" alt=\"\" class=\"wp-image-1144\" srcset=\"https:\/\/ejwleo.de\/lagerlive\/wp-content\/uploads\/sites\/2\/2024\/08\/DSC_4083-683x1024.jpg 683w, https:\/\/ejwleo.de\/lagerlive\/wp-content\/uploads\/sites\/2\/2024\/08\/DSC_4083-200x300.jpg 200w, https:\/\/ejwleo.de\/lagerlive\/wp-content\/uploads\/sites\/2\/2024\/08\/DSC_4083-768x1152.jpg 768w, https:\/\/ejwleo.de\/lagerlive\/wp-content\/uploads\/sites\/2\/2024\/08\/DSC_4083-1024x1536.jpg 1024w, https:\/\/ejwleo.de\/lagerlive\/wp-content\/uploads\/sites\/2\/2024\/08\/DSC_4083-scaled.jpg 1365w\" sizes=\"auto, (max-width: 683px) 100vw, 683px\" \/><\/figure>\n\n\n\n<figure class=\"wp-block-image size-large\"><img loading=\"lazy\" decoding=\"async\" width=\"683\" height=\"1024\" src=\"https:\/\/ejwleo.de\/lagerlive\/wp-content\/uploads\/sites\/2\/2024\/08\/DSC_4086-683x1024.jpg\" alt=\"\" class=\"wp-image-1145\" srcset=\"https:\/\/ejwleo.de\/lagerlive\/wp-content\/uploads\/sites\/2\/2024\/08\/DSC_4086-683x1024.jpg 683w, https:\/\/ejwleo.de\/lagerlive\/wp-content\/uploads\/sites\/2\/2024\/08\/DSC_4086-200x300.jpg 200w, https:\/\/ejwleo.de\/lagerlive\/wp-content\/uploads\/sites\/2\/2024\/08\/DSC_4086-768x1152.jpg 768w, https:\/\/ejwleo.de\/lagerlive\/wp-content\/uploads\/sites\/2\/2024\/08\/DSC_4086-1024x1536.jpg 1024w, https:\/\/ejwleo.de\/lagerlive\/wp-content\/uploads\/sites\/2\/2024\/08\/DSC_4086-scaled.jpg 1365w\" sizes=\"auto, (max-width: 683px) 100vw, 683px\" \/><\/figure>\n\n\n\n<figure class=\"wp-block-image size-large\"><img loading=\"lazy\" decoding=\"async\" width=\"683\" height=\"1024\" src=\"https:\/\/ejwleo.de\/lagerlive\/wp-content\/uploads\/sites\/2\/2024\/08\/DSC_4036-683x1024.jpg\" alt=\"\" class=\"wp-image-1146\" srcset=\"https:\/\/ejwleo.de\/lagerlive\/wp-content\/uploads\/sites\/2\/2024\/08\/DSC_4036-683x1024.jpg 683w, https:\/\/ejwleo.de\/lagerlive\/wp-content\/uploads\/sites\/2\/2024\/08\/DSC_4036-200x300.jpg 200w, https:\/\/ejwleo.de\/lagerlive\/wp-content\/uploads\/sites\/2\/2024\/08\/DSC_4036-768x1152.jpg 768w, https:\/\/ejwleo.de\/lagerlive\/wp-content\/uploads\/sites\/2\/2024\/08\/DSC_4036-1024x1536.jpg 1024w, https:\/\/ejwleo.de\/lagerlive\/wp-content\/uploads\/sites\/2\/2024\/08\/DSC_4036-scaled.jpg 1365w\" sizes=\"auto, (max-width: 683px) 100vw, 683px\" \/><\/figure>\n\n\n\n<figure class=\"wp-block-image size-large\"><img loading=\"lazy\" decoding=\"async\" width=\"1024\" height=\"683\" src=\"https:\/\/ejwleo.de\/lagerlive\/wp-content\/uploads\/sites\/2\/2024\/08\/DSC_4035-1024x683.jpg\" alt=\"\" class=\"wp-image-1147\" srcset=\"https:\/\/ejwleo.de\/lagerlive\/wp-content\/uploads\/sites\/2\/2024\/08\/DSC_4035-1024x683.jpg 1024w, https:\/\/ejwleo.de\/lagerlive\/wp-content\/uploads\/sites\/2\/2024\/08\/DSC_4035-300x200.jpg 300w, https:\/\/ejwleo.de\/lagerlive\/wp-content\/uploads\/sites\/2\/2024\/08\/DSC_4035-768x512.jpg 768w, https:\/\/ejwleo.de\/lagerlive\/wp-content\/uploads\/sites\/2\/2024\/08\/DSC_4035-1536x1024.jpg 1536w, https:\/\/ejwleo.de\/lagerlive\/wp-content\/uploads\/sites\/2\/2024\/08\/DSC_4035-scaled.jpg 2048w\" sizes=\"auto, (max-width: 1024px) 100vw, 1024px\" \/><\/figure>\n\n\n\n<p>Zum Schluss ging es wie gewohnt mit dem Z\u00e4hneputzen-Blues ins Bett.<\/p>\n","protected":false},"excerpt":{"rendered":"<p>Heute startete der Tag komplett anders, die Jungs und M\u00e4dels haben in einer Schutzh\u00fctte oder in einem Gemeindehaus \u00fcbernachtet. Wann jedes Zelt aufgestanden ist und wie sie fit geworden sind war das Problem der jeweiligen Mitarbeiter*in. Die einzige Vorgabe, die es gab, war 12:30Uhr zum Mittagessen aufm Zeltplatz wieder zu sein. P\u00fcnktlich um 12:30Uhr waren [&hellip;]<\/p>\n","protected":false},"author":7,"featured_media":1143,"comment_status":"open","ping_status":"open","sticky":false,"template":"","format":"standard","meta":{"_acf_changed":false,"footnotes":""},"categories":[1],"tags":[],"class_list":["post-1138","post","type-post","status-publish","format-standard","has-post-thumbnail","hentry","category-allgemein"],"acf":[],"yoast_head":"<!-- This site is optimized with the Yoast SEO plugin v27.4 - https:\/\/yoast.com\/product\/yoast-seo-wordpress\/ -->\n<title>Auftanken mit Abk\u00fchlung - LagerLive | Ev. Jugendwerk Bezirk Leonberg<\/title>\n<meta name=\"robots\" content=\"index, follow, max-snippet:-1, max-image-preview:large, max-video-preview:-1\" \/>\n<link rel=\"canonical\" href=\"https:\/\/ejwleo.de\/lagerlive\/2024\/auftanken-mit-abkuehlung\/\" \/>\n<meta property=\"og:locale\" content=\"de_DE\" \/>\n<meta property=\"og:type\" content=\"article\" \/>\n<meta property=\"og:title\" content=\"Auftanken mit Abk\u00fchlung - LagerLive | Ev. Jugendwerk Bezirk Leonberg\" \/>\n<meta property=\"og:description\" content=\"Heute startete der Tag komplett anders, die Jungs und M\u00e4dels haben in einer Schutzh\u00fctte oder in einem Gemeindehaus \u00fcbernachtet. Wann jedes Zelt aufgestanden ist und wie sie fit geworden sind war das Problem der jeweiligen Mitarbeiter*in. Die einzige Vorgabe, die es gab, war 12:30Uhr zum Mittagessen aufm Zeltplatz wieder zu sein. P\u00fcnktlich um 12:30Uhr waren [&hellip;]\" \/>\n<meta property=\"og:url\" content=\"https:\/\/ejwleo.de\/lagerlive\/2024\/auftanken-mit-abkuehlung\/\" \/>\n<meta property=\"og:site_name\" content=\"LagerLive | Ev. Jugendwerk Bezirk Leonberg\" \/>\n<meta property=\"article:published_time\" content=\"2024-07-31T14:30:24+00:00\" \/>\n<meta property=\"article:modified_time\" content=\"2024-08-01T14:56:42+00:00\" \/>\n<meta property=\"og:image\" content=\"https:\/\/ejwleo.de\/lagerlive\/wp-content\/uploads\/sites\/2\/2024\/08\/DSC_4045-scaled.jpg\" \/>\n\t<meta property=\"og:image:width\" content=\"2048\" \/>\n\t<meta property=\"og:image:height\" content=\"1365\" \/>\n\t<meta property=\"og:image:type\" content=\"image\/jpeg\" \/>\n<meta name=\"author\" content=\"lagerlive\" \/>\n<meta name=\"twitter:card\" content=\"summary_large_image\" \/>\n<meta name=\"twitter:label1\" content=\"Verfasst von\" \/>\n\t<meta name=\"twitter:data1\" content=\"lagerlive\" \/>\n\t<meta name=\"twitter:label2\" content=\"Gesch\u00e4tzte Lesezeit\" \/>\n\t<meta name=\"twitter:data2\" content=\"4\u00a0Minuten\" \/>\n<script type=\"application\/ld+json\" class=\"yoast-schema-graph\">{\"@context\":\"https:\\\/\\\/schema.org\",\"@graph\":[{\"@type\":\"Article\",\"@id\":\"https:\\\/\\\/ejwleo.de\\\/lagerlive\\\/2024\\\/auftanken-mit-abkuehlung\\\/#article\",\"isPartOf\":{\"@id\":\"https:\\\/\\\/ejwleo.de\\\/lagerlive\\\/2024\\\/auftanken-mit-abkuehlung\\\/\"},\"author\":{\"name\":\"lagerlive\",\"@id\":\"https:\\\/\\\/ejwleo.de\\\/lagerlive\\\/#\\\/schema\\\/person\\\/44a8937a52d642e6f162c8270a0a7a4f\"},\"headline\":\"Auftanken mit Abk\u00fchlung\",\"datePublished\":\"2024-07-31T14:30:24+00:00\",\"dateModified\":\"2024-08-01T14:56:42+00:00\",\"mainEntityOfPage\":{\"@id\":\"https:\\\/\\\/ejwleo.de\\\/lagerlive\\\/2024\\\/auftanken-mit-abkuehlung\\\/\"},\"wordCount\":389,\"commentCount\":0,\"publisher\":{\"@id\":\"https:\\\/\\\/ejwleo.de\\\/lagerlive\\\/#organization\"},\"image\":{\"@id\":\"https:\\\/\\\/ejwleo.de\\\/lagerlive\\\/2024\\\/auftanken-mit-abkuehlung\\\/#primaryimage\"},\"thumbnailUrl\":\"https:\\\/\\\/ejwleo.de\\\/lagerlive\\\/wp-content\\\/uploads\\\/sites\\\/2\\\/2024\\\/08\\\/DSC_4045-scaled.jpg\",\"inLanguage\":\"de\",\"potentialAction\":[{\"@type\":\"CommentAction\",\"name\":\"Comment\",\"target\":[\"https:\\\/\\\/ejwleo.de\\\/lagerlive\\\/2024\\\/auftanken-mit-abkuehlung\\\/#respond\"]}]},{\"@type\":\"WebPage\",\"@id\":\"https:\\\/\\\/ejwleo.de\\\/lagerlive\\\/2024\\\/auftanken-mit-abkuehlung\\\/\",\"url\":\"https:\\\/\\\/ejwleo.de\\\/lagerlive\\\/2024\\\/auftanken-mit-abkuehlung\\\/\",\"name\":\"Auftanken mit Abk\u00fchlung - LagerLive | Ev. Jugendwerk Bezirk Leonberg\",\"isPartOf\":{\"@id\":\"https:\\\/\\\/ejwleo.de\\\/lagerlive\\\/#website\"},\"primaryImageOfPage\":{\"@id\":\"https:\\\/\\\/ejwleo.de\\\/lagerlive\\\/2024\\\/auftanken-mit-abkuehlung\\\/#primaryimage\"},\"image\":{\"@id\":\"https:\\\/\\\/ejwleo.de\\\/lagerlive\\\/2024\\\/auftanken-mit-abkuehlung\\\/#primaryimage\"},\"thumbnailUrl\":\"https:\\\/\\\/ejwleo.de\\\/lagerlive\\\/wp-content\\\/uploads\\\/sites\\\/2\\\/2024\\\/08\\\/DSC_4045-scaled.jpg\",\"datePublished\":\"2024-07-31T14:30:24+00:00\",\"dateModified\":\"2024-08-01T14:56:42+00:00\",\"breadcrumb\":{\"@id\":\"https:\\\/\\\/ejwleo.de\\\/lagerlive\\\/2024\\\/auftanken-mit-abkuehlung\\\/#breadcrumb\"},\"inLanguage\":\"de\",\"potentialAction\":[{\"@type\":\"ReadAction\",\"target\":[\"https:\\\/\\\/ejwleo.de\\\/lagerlive\\\/2024\\\/auftanken-mit-abkuehlung\\\/\"]}]},{\"@type\":\"ImageObject\",\"inLanguage\":\"de\",\"@id\":\"https:\\\/\\\/ejwleo.de\\\/lagerlive\\\/2024\\\/auftanken-mit-abkuehlung\\\/#primaryimage\",\"url\":\"https:\\\/\\\/ejwleo.de\\\/lagerlive\\\/wp-content\\\/uploads\\\/sites\\\/2\\\/2024\\\/08\\\/DSC_4045-scaled.jpg\",\"contentUrl\":\"https:\\\/\\\/ejwleo.de\\\/lagerlive\\\/wp-content\\\/uploads\\\/sites\\\/2\\\/2024\\\/08\\\/DSC_4045-scaled.jpg\",\"width\":2048,\"height\":1365},{\"@type\":\"BreadcrumbList\",\"@id\":\"https:\\\/\\\/ejwleo.de\\\/lagerlive\\\/2024\\\/auftanken-mit-abkuehlung\\\/#breadcrumb\",\"itemListElement\":[{\"@type\":\"ListItem\",\"position\":1,\"name\":\"Startseite\",\"item\":\"https:\\\/\\\/ejwleo.de\\\/lagerlive\\\/\"},{\"@type\":\"ListItem\",\"position\":2,\"name\":\"Auftanken mit Abk\u00fchlung\"}]},{\"@type\":\"WebSite\",\"@id\":\"https:\\\/\\\/ejwleo.de\\\/lagerlive\\\/#website\",\"url\":\"https:\\\/\\\/ejwleo.de\\\/lagerlive\\\/\",\"name\":\"LagerLive | Ev. Jugendwerk Bezirk Leonberg\",\"description\":\"LagerLive | Ev. Jugendwerk Bezirk Leonberg\",\"publisher\":{\"@id\":\"https:\\\/\\\/ejwleo.de\\\/lagerlive\\\/#organization\"},\"potentialAction\":[{\"@type\":\"SearchAction\",\"target\":{\"@type\":\"EntryPoint\",\"urlTemplate\":\"https:\\\/\\\/ejwleo.de\\\/lagerlive\\\/?s={search_term_string}\"},\"query-input\":{\"@type\":\"PropertyValueSpecification\",\"valueRequired\":true,\"valueName\":\"search_term_string\"}}],\"inLanguage\":\"de\"},{\"@type\":\"Organization\",\"@id\":\"https:\\\/\\\/ejwleo.de\\\/lagerlive\\\/#organization\",\"name\":\"LagerLive | Ev. Jugendwerk Bezirk Leonberg\",\"url\":\"https:\\\/\\\/ejwleo.de\\\/lagerlive\\\/\",\"logo\":{\"@type\":\"ImageObject\",\"inLanguage\":\"de\",\"@id\":\"https:\\\/\\\/ejwleo.de\\\/lagerlive\\\/#\\\/schema\\\/logo\\\/image\\\/\",\"url\":\"\",\"contentUrl\":\"\",\"caption\":\"LagerLive | Ev. Jugendwerk Bezirk Leonberg\"},\"image\":{\"@id\":\"https:\\\/\\\/ejwleo.de\\\/lagerlive\\\/#\\\/schema\\\/logo\\\/image\\\/\"}},{\"@type\":\"Person\",\"@id\":\"https:\\\/\\\/ejwleo.de\\\/lagerlive\\\/#\\\/schema\\\/person\\\/44a8937a52d642e6f162c8270a0a7a4f\",\"name\":\"lagerlive\",\"image\":{\"@type\":\"ImageObject\",\"inLanguage\":\"de\",\"@id\":\"https:\\\/\\\/secure.gravatar.com\\\/avatar\\\/d8c19a8d0fb98782d7f5acb76362d4816576e735fb947faabd3e9260b7e7dbc7?s=96&d=mm&r=g\",\"url\":\"https:\\\/\\\/secure.gravatar.com\\\/avatar\\\/d8c19a8d0fb98782d7f5acb76362d4816576e735fb947faabd3e9260b7e7dbc7?s=96&d=mm&r=g\",\"contentUrl\":\"https:\\\/\\\/secure.gravatar.com\\\/avatar\\\/d8c19a8d0fb98782d7f5acb76362d4816576e735fb947faabd3e9260b7e7dbc7?s=96&d=mm&r=g\",\"caption\":\"lagerlive\"},\"url\":\"https:\\\/\\\/ejwleo.de\\\/lagerlive\\\/author\\\/lagerlive\\\/\"}]}<\/script>\n<!-- \/ Yoast SEO plugin. -->","yoast_head_json":{"title":"Auftanken mit Abk\u00fchlung - LagerLive | Ev. Jugendwerk Bezirk Leonberg","robots":{"index":"index","follow":"follow","max-snippet":"max-snippet:-1","max-image-preview":"max-image-preview:large","max-video-preview":"max-video-preview:-1"},"canonical":"https:\/\/ejwleo.de\/lagerlive\/2024\/auftanken-mit-abkuehlung\/","og_locale":"de_DE","og_type":"article","og_title":"Auftanken mit Abk\u00fchlung - LagerLive | Ev. Jugendwerk Bezirk Leonberg","og_description":"Heute startete der Tag komplett anders, die Jungs und M\u00e4dels haben in einer Schutzh\u00fctte oder in einem Gemeindehaus \u00fcbernachtet. Wann jedes Zelt aufgestanden ist und wie sie fit geworden sind war das Problem der jeweiligen Mitarbeiter*in. Die einzige Vorgabe, die es gab, war 12:30Uhr zum Mittagessen aufm Zeltplatz wieder zu sein. P\u00fcnktlich um 12:30Uhr waren [&hellip;]","og_url":"https:\/\/ejwleo.de\/lagerlive\/2024\/auftanken-mit-abkuehlung\/","og_site_name":"LagerLive | Ev. Jugendwerk Bezirk Leonberg","article_published_time":"2024-07-31T14:30:24+00:00","article_modified_time":"2024-08-01T14:56:42+00:00","og_image":[{"width":2048,"height":1365,"url":"https:\/\/ejwleo.de\/lagerlive\/wp-content\/uploads\/sites\/2\/2024\/08\/DSC_4045-scaled.jpg","type":"image\/jpeg"}],"author":"lagerlive","twitter_card":"summary_large_image","twitter_misc":{"Verfasst von":"lagerlive","Gesch\u00e4tzte Lesezeit":"4\u00a0Minuten"},"schema":{"@context":"https:\/\/schema.org","@graph":[{"@type":"Article","@id":"https:\/\/ejwleo.de\/lagerlive\/2024\/auftanken-mit-abkuehlung\/#article","isPartOf":{"@id":"https:\/\/ejwleo.de\/lagerlive\/2024\/auftanken-mit-abkuehlung\/"},"author":{"name":"lagerlive","@id":"https:\/\/ejwleo.de\/lagerlive\/#\/schema\/person\/44a8937a52d642e6f162c8270a0a7a4f"},"headline":"Auftanken mit Abk\u00fchlung","datePublished":"2024-07-31T14:30:24+00:00","dateModified":"2024-08-01T14:56:42+00:00","mainEntityOfPage":{"@id":"https:\/\/ejwleo.de\/lagerlive\/2024\/auftanken-mit-abkuehlung\/"},"wordCount":389,"commentCount":0,"publisher":{"@id":"https:\/\/ejwleo.de\/lagerlive\/#organization"},"image":{"@id":"https:\/\/ejwleo.de\/lagerlive\/2024\/auftanken-mit-abkuehlung\/#primaryimage"},"thumbnailUrl":"https:\/\/ejwleo.de\/lagerlive\/wp-content\/uploads\/sites\/2\/2024\/08\/DSC_4045-scaled.jpg","inLanguage":"de","potentialAction":[{"@type":"CommentAction","name":"Comment","target":["https:\/\/ejwleo.de\/lagerlive\/2024\/auftanken-mit-abkuehlung\/#respond"]}]},{"@type":"WebPage","@id":"https:\/\/ejwleo.de\/lagerlive\/2024\/auftanken-mit-abkuehlung\/","url":"https:\/\/ejwleo.de\/lagerlive\/2024\/auftanken-mit-abkuehlung\/","name":"Auftanken mit Abk\u00fchlung - LagerLive | Ev. Jugendwerk Bezirk Leonberg","isPartOf":{"@id":"https:\/\/ejwleo.de\/lagerlive\/#website"},"primaryImageOfPage":{"@id":"https:\/\/ejwleo.de\/lagerlive\/2024\/auftanken-mit-abkuehlung\/#primaryimage"},"image":{"@id":"https:\/\/ejwleo.de\/lagerlive\/2024\/auftanken-mit-abkuehlung\/#primaryimage"},"thumbnailUrl":"https:\/\/ejwleo.de\/lagerlive\/wp-content\/uploads\/sites\/2\/2024\/08\/DSC_4045-scaled.jpg","datePublished":"2024-07-31T14:30:24+00:00","dateModified":"2024-08-01T14:56:42+00:00","breadcrumb":{"@id":"https:\/\/ejwleo.de\/lagerlive\/2024\/auftanken-mit-abkuehlung\/#breadcrumb"},"inLanguage":"de","potentialAction":[{"@type":"ReadAction","target":["https:\/\/ejwleo.de\/lagerlive\/2024\/auftanken-mit-abkuehlung\/"]}]},{"@type":"ImageObject","inLanguage":"de","@id":"https:\/\/ejwleo.de\/lagerlive\/2024\/auftanken-mit-abkuehlung\/#primaryimage","url":"https:\/\/ejwleo.de\/lagerlive\/wp-content\/uploads\/sites\/2\/2024\/08\/DSC_4045-scaled.jpg","contentUrl":"https:\/\/ejwleo.de\/lagerlive\/wp-content\/uploads\/sites\/2\/2024\/08\/DSC_4045-scaled.jpg","width":2048,"height":1365},{"@type":"BreadcrumbList","@id":"https:\/\/ejwleo.de\/lagerlive\/2024\/auftanken-mit-abkuehlung\/#breadcrumb","itemListElement":[{"@type":"ListItem","position":1,"name":"Startseite","item":"https:\/\/ejwleo.de\/lagerlive\/"},{"@type":"ListItem","position":2,"name":"Auftanken mit Abk\u00fchlung"}]},{"@type":"WebSite","@id":"https:\/\/ejwleo.de\/lagerlive\/#website","url":"https:\/\/ejwleo.de\/lagerlive\/","name":"LagerLive | Ev. Jugendwerk Bezirk Leonberg","description":"LagerLive | Ev. Jugendwerk Bezirk Leonberg","publisher":{"@id":"https:\/\/ejwleo.de\/lagerlive\/#organization"},"potentialAction":[{"@type":"SearchAction","target":{"@type":"EntryPoint","urlTemplate":"https:\/\/ejwleo.de\/lagerlive\/?s={search_term_string}"},"query-input":{"@type":"PropertyValueSpecification","valueRequired":true,"valueName":"search_term_string"}}],"inLanguage":"de"},{"@type":"Organization","@id":"https:\/\/ejwleo.de\/lagerlive\/#organization","name":"LagerLive | Ev. Jugendwerk Bezirk Leonberg","url":"https:\/\/ejwleo.de\/lagerlive\/","logo":{"@type":"ImageObject","inLanguage":"de","@id":"https:\/\/ejwleo.de\/lagerlive\/#\/schema\/logo\/image\/","url":"","contentUrl":"","caption":"LagerLive | Ev. Jugendwerk Bezirk Leonberg"},"image":{"@id":"https:\/\/ejwleo.de\/lagerlive\/#\/schema\/logo\/image\/"}},{"@type":"Person","@id":"https:\/\/ejwleo.de\/lagerlive\/#\/schema\/person\/44a8937a52d642e6f162c8270a0a7a4f","name":"lagerlive","image":{"@type":"ImageObject","inLanguage":"de","@id":"https:\/\/secure.gravatar.com\/avatar\/d8c19a8d0fb98782d7f5acb76362d4816576e735fb947faabd3e9260b7e7dbc7?s=96&d=mm&r=g","url":"https:\/\/secure.gravatar.com\/avatar\/d8c19a8d0fb98782d7f5acb76362d4816576e735fb947faabd3e9260b7e7dbc7?s=96&d=mm&r=g","contentUrl":"https:\/\/secure.gravatar.com\/avatar\/d8c19a8d0fb98782d7f5acb76362d4816576e735fb947faabd3e9260b7e7dbc7?s=96&d=mm&r=g","caption":"lagerlive"},"url":"https:\/\/ejwleo.de\/lagerlive\/author\/lagerlive\/"}]}},"_links":{"self":[{"href":"https:\/\/ejwleo.de\/lagerlive\/wp-json\/wp\/v2\/posts\/1138","targetHints":{"allow":["GET"]}}],"collection":[{"href":"https:\/\/ejwleo.de\/lagerlive\/wp-json\/wp\/v2\/posts"}],"about":[{"href":"https:\/\/ejwleo.de\/lagerlive\/wp-json\/wp\/v2\/types\/post"}],"author":[{"embeddable":true,"href":"https:\/\/ejwleo.de\/lagerlive\/wp-json\/wp\/v2\/users\/7"}],"replies":[{"embeddable":true,"href":"https:\/\/ejwleo.de\/lagerlive\/wp-json\/wp\/v2\/comments?post=1138"}],"version-history":[{"count":2,"href":"https:\/\/ejwleo.de\/lagerlive\/wp-json\/wp\/v2\/posts\/1138\/revisions"}],"predecessor-version":[{"id":1149,"href":"https:\/\/ejwleo.de\/lagerlive\/wp-json\/wp\/v2\/posts\/1138\/revisions\/1149"}],"wp:featuredmedia":[{"embeddable":true,"href":"https:\/\/ejwleo.de\/lagerlive\/wp-json\/wp\/v2\/media\/1143"}],"wp:attachment":[{"href":"https:\/\/ejwleo.de\/lagerlive\/wp-json\/wp\/v2\/media?parent=1138"}],"wp:term":[{"taxonomy":"category","embeddable":true,"href":"https:\/\/ejwleo.de\/lagerlive\/wp-json\/wp\/v2\/categories?post=1138"},{"taxonomy":"post_tag","embeddable":true,"href":"https:\/\/ejwleo.de\/lagerlive\/wp-json\/wp\/v2\/tags?post=1138"}],"curies":[{"name":"wp","href":"https:\/\/api.w.org\/{rel}","templated":true}]}}