{"id":254,"date":"2017-08-02T13:44:25","date_gmt":"2017-08-02T11:44:25","guid":{"rendered":"http:\/\/lagerlive.ejwleo.de\/?p=254"},"modified":"2019-03-25T12:38:10","modified_gmt":"2019-03-25T11:38:10","slug":"tag-3-die-donau-und-das-donautal-unsicher-machen","status":"publish","type":"post","link":"https:\/\/ejwleo.de\/lagerlive\/2017\/tag-3-die-donau-und-das-donautal-unsicher-machen\/","title":{"rendered":"Tag 3 &#8211; Die Donau und Das Donautal unsicher machen"},"content":{"rendered":"<p>Am Dienstag hie\u00df es schon wieder den Rucksack mit Schlafsack, Isomatte, Zahnb\u00fcrste und Essen zu packen, denn der Hike stand auf dem Tagesprogramm. Gest\u00e4rkt nach einem leckeren Mittagessen liefen die einzelnen Zeltgruppen mit ihren Mitarbeitern und den voll gepackten Rucks\u00e4cken los. Alle Gruppen hatten sich eine feste H\u00fctte oder Bauernh\u00f6fe als Ziel und Unterkunft ausgesucht, um die Nacht gut und trocken zu \u00fcberstehen.<\/p>\n<p>Alle Zeltgruppen erreichten trocken und voller Erlebnisse ihre Unterkunft und st\u00e4rkten sich dort, machten sich Lagerfeuer oder entdeckten die Natur um ihre H\u00fctten.<\/p>\n","protected":false},"excerpt":{"rendered":"<p>Am Dienstag hie\u00df es schon wieder den Rucksack mit Schlafsack, Isomatte, Zahnb\u00fcrste und Essen zu packen, denn der Hike stand auf dem Tagesprogramm. Gest\u00e4rkt nach einem leckeren Mittagessen liefen die einzelnen Zeltgruppen mit ihren Mitarbeitern und den voll gepackten Rucks\u00e4cken los. Alle Gruppen hatten sich eine feste H\u00fctte oder Bauernh\u00f6fe als Ziel und Unterkunft ausgesucht, [&hellip;]<\/p>\n","protected":false},"author":8,"featured_media":200,"comment_status":"open","ping_status":"closed","sticky":false,"template":"","format":"standard","meta":{"_acf_changed":false,"footnotes":""},"categories":[3],"tags":[9,8,7],"class_list":["post-254","post","type-post","status-publish","format-standard","has-post-thumbnail","hentry","category-jungscharlager-2017","tag-jungschar","tag-jungscharlager-2017","tag-petrus"],"acf":[],"yoast_head":"<!-- This site is optimized with the Yoast SEO plugin v27.4 - https:\/\/yoast.com\/product\/yoast-seo-wordpress\/ -->\n<title>Tag 3 - Die Donau und Das Donautal unsicher machen - LagerLive | Ev. Jugendwerk Bezirk Leonberg<\/title>\n<meta name=\"robots\" content=\"index, follow, max-snippet:-1, max-image-preview:large, max-video-preview:-1\" \/>\n<link rel=\"canonical\" href=\"https:\/\/ejwleo.de\/lagerlive\/2017\/tag-3-die-donau-und-das-donautal-unsicher-machen\/\" \/>\n<meta property=\"og:locale\" content=\"de_DE\" \/>\n<meta property=\"og:type\" content=\"article\" \/>\n<meta property=\"og:title\" content=\"Tag 3 - Die Donau und Das Donautal unsicher machen - LagerLive | Ev. Jugendwerk Bezirk Leonberg\" \/>\n<meta property=\"og:description\" content=\"Am Dienstag hie\u00df es schon wieder den Rucksack mit Schlafsack, Isomatte, Zahnb\u00fcrste und Essen zu packen, denn der Hike stand auf dem Tagesprogramm. Gest\u00e4rkt nach einem leckeren Mittagessen liefen die einzelnen Zeltgruppen mit ihren Mitarbeitern und den voll gepackten Rucks\u00e4cken los. Alle Gruppen hatten sich eine feste H\u00fctte oder Bauernh\u00f6fe als Ziel und Unterkunft ausgesucht, [&hellip;]\" \/>\n<meta property=\"og:url\" content=\"https:\/\/ejwleo.de\/lagerlive\/2017\/tag-3-die-donau-und-das-donautal-unsicher-machen\/\" \/>\n<meta property=\"og:site_name\" content=\"LagerLive | Ev. Jugendwerk Bezirk Leonberg\" \/>\n<meta property=\"article:published_time\" content=\"2017-08-02T11:44:25+00:00\" \/>\n<meta property=\"article:modified_time\" content=\"2019-03-25T11:38:10+00:00\" \/>\n<meta property=\"og:image\" content=\"https:\/\/ejwleo.de\/lagerlive\/wp-content\/uploads\/sites\/2\/2015\/08\/DSC_0594-e1439114628544.jpg\" \/>\n\t<meta property=\"og:image:width\" content=\"435\" \/>\n\t<meta property=\"og:image:height\" content=\"290\" \/>\n\t<meta property=\"og:image:type\" content=\"image\/jpeg\" \/>\n<meta name=\"author\" content=\"jungscharlager2\" \/>\n<meta name=\"twitter:card\" content=\"summary_large_image\" \/>\n<meta name=\"twitter:label1\" content=\"Verfasst von\" \/>\n\t<meta name=\"twitter:data1\" content=\"jungscharlager2\" \/>\n<script type=\"application\/ld+json\" class=\"yoast-schema-graph\">{\"@context\":\"https:\\\/\\\/schema.org\",\"@graph\":[{\"@type\":\"Article\",\"@id\":\"https:\\\/\\\/ejwleo.de\\\/lagerlive\\\/2017\\\/tag-3-die-donau-und-das-donautal-unsicher-machen\\\/#article\",\"isPartOf\":{\"@id\":\"https:\\\/\\\/ejwleo.de\\\/lagerlive\\\/2017\\\/tag-3-die-donau-und-das-donautal-unsicher-machen\\\/\"},\"author\":{\"name\":\"jungscharlager2\",\"@id\":\"https:\\\/\\\/ejwleo.de\\\/lagerlive\\\/#\\\/schema\\\/person\\\/690518da6b864c1f1f7cc1b6332bd45e\"},\"headline\":\"Tag 3 &#8211; Die Donau und Das Donautal unsicher machen\",\"datePublished\":\"2017-08-02T11:44:25+00:00\",\"dateModified\":\"2019-03-25T11:38:10+00:00\",\"mainEntityOfPage\":{\"@id\":\"https:\\\/\\\/ejwleo.de\\\/lagerlive\\\/2017\\\/tag-3-die-donau-und-das-donautal-unsicher-machen\\\/\"},\"wordCount\":102,\"commentCount\":0,\"publisher\":{\"@id\":\"https:\\\/\\\/ejwleo.de\\\/lagerlive\\\/#organization\"},\"image\":{\"@id\":\"https:\\\/\\\/ejwleo.de\\\/lagerlive\\\/2017\\\/tag-3-die-donau-und-das-donautal-unsicher-machen\\\/#primaryimage\"},\"thumbnailUrl\":\"https:\\\/\\\/ejwleo.de\\\/lagerlive\\\/wp-content\\\/uploads\\\/sites\\\/2\\\/2015\\\/08\\\/DSC_0594-e1439114628544.jpg\",\"keywords\":[\"Jungschar\",\"Jungscharlager 2017\",\"Petrus\"],\"articleSection\":[\"Jungscharlager 2017\"],\"inLanguage\":\"de\",\"potentialAction\":[{\"@type\":\"CommentAction\",\"name\":\"Comment\",\"target\":[\"https:\\\/\\\/ejwleo.de\\\/lagerlive\\\/2017\\\/tag-3-die-donau-und-das-donautal-unsicher-machen\\\/#respond\"]}]},{\"@type\":\"WebPage\",\"@id\":\"https:\\\/\\\/ejwleo.de\\\/lagerlive\\\/2017\\\/tag-3-die-donau-und-das-donautal-unsicher-machen\\\/\",\"url\":\"https:\\\/\\\/ejwleo.de\\\/lagerlive\\\/2017\\\/tag-3-die-donau-und-das-donautal-unsicher-machen\\\/\",\"name\":\"Tag 3 - Die Donau und Das Donautal unsicher machen - LagerLive | Ev. Jugendwerk Bezirk Leonberg\",\"isPartOf\":{\"@id\":\"https:\\\/\\\/ejwleo.de\\\/lagerlive\\\/#website\"},\"primaryImageOfPage\":{\"@id\":\"https:\\\/\\\/ejwleo.de\\\/lagerlive\\\/2017\\\/tag-3-die-donau-und-das-donautal-unsicher-machen\\\/#primaryimage\"},\"image\":{\"@id\":\"https:\\\/\\\/ejwleo.de\\\/lagerlive\\\/2017\\\/tag-3-die-donau-und-das-donautal-unsicher-machen\\\/#primaryimage\"},\"thumbnailUrl\":\"https:\\\/\\\/ejwleo.de\\\/lagerlive\\\/wp-content\\\/uploads\\\/sites\\\/2\\\/2015\\\/08\\\/DSC_0594-e1439114628544.jpg\",\"datePublished\":\"2017-08-02T11:44:25+00:00\",\"dateModified\":\"2019-03-25T11:38:10+00:00\",\"breadcrumb\":{\"@id\":\"https:\\\/\\\/ejwleo.de\\\/lagerlive\\\/2017\\\/tag-3-die-donau-und-das-donautal-unsicher-machen\\\/#breadcrumb\"},\"inLanguage\":\"de\",\"potentialAction\":[{\"@type\":\"ReadAction\",\"target\":[\"https:\\\/\\\/ejwleo.de\\\/lagerlive\\\/2017\\\/tag-3-die-donau-und-das-donautal-unsicher-machen\\\/\"]}]},{\"@type\":\"ImageObject\",\"inLanguage\":\"de\",\"@id\":\"https:\\\/\\\/ejwleo.de\\\/lagerlive\\\/2017\\\/tag-3-die-donau-und-das-donautal-unsicher-machen\\\/#primaryimage\",\"url\":\"https:\\\/\\\/ejwleo.de\\\/lagerlive\\\/wp-content\\\/uploads\\\/sites\\\/2\\\/2015\\\/08\\\/DSC_0594-e1439114628544.jpg\",\"contentUrl\":\"https:\\\/\\\/ejwleo.de\\\/lagerlive\\\/wp-content\\\/uploads\\\/sites\\\/2\\\/2015\\\/08\\\/DSC_0594-e1439114628544.jpg\",\"width\":435,\"height\":290},{\"@type\":\"BreadcrumbList\",\"@id\":\"https:\\\/\\\/ejwleo.de\\\/lagerlive\\\/2017\\\/tag-3-die-donau-und-das-donautal-unsicher-machen\\\/#breadcrumb\",\"itemListElement\":[{\"@type\":\"ListItem\",\"position\":1,\"name\":\"Startseite\",\"item\":\"https:\\\/\\\/ejwleo.de\\\/lagerlive\\\/\"},{\"@type\":\"ListItem\",\"position\":2,\"name\":\"Tag 3 &#8211; Die Donau und Das Donautal unsicher machen\"}]},{\"@type\":\"WebSite\",\"@id\":\"https:\\\/\\\/ejwleo.de\\\/lagerlive\\\/#website\",\"url\":\"https:\\\/\\\/ejwleo.de\\\/lagerlive\\\/\",\"name\":\"LagerLive | Ev. Jugendwerk Bezirk Leonberg\",\"description\":\"LagerLive | Ev. Jugendwerk Bezirk Leonberg\",\"publisher\":{\"@id\":\"https:\\\/\\\/ejwleo.de\\\/lagerlive\\\/#organization\"},\"potentialAction\":[{\"@type\":\"SearchAction\",\"target\":{\"@type\":\"EntryPoint\",\"urlTemplate\":\"https:\\\/\\\/ejwleo.de\\\/lagerlive\\\/?s={search_term_string}\"},\"query-input\":{\"@type\":\"PropertyValueSpecification\",\"valueRequired\":true,\"valueName\":\"search_term_string\"}}],\"inLanguage\":\"de\"},{\"@type\":\"Organization\",\"@id\":\"https:\\\/\\\/ejwleo.de\\\/lagerlive\\\/#organization\",\"name\":\"LagerLive | Ev. Jugendwerk Bezirk Leonberg\",\"url\":\"https:\\\/\\\/ejwleo.de\\\/lagerlive\\\/\",\"logo\":{\"@type\":\"ImageObject\",\"inLanguage\":\"de\",\"@id\":\"https:\\\/\\\/ejwleo.de\\\/lagerlive\\\/#\\\/schema\\\/logo\\\/image\\\/\",\"url\":\"\",\"contentUrl\":\"\",\"caption\":\"LagerLive | Ev. Jugendwerk Bezirk Leonberg\"},\"image\":{\"@id\":\"https:\\\/\\\/ejwleo.de\\\/lagerlive\\\/#\\\/schema\\\/logo\\\/image\\\/\"}},{\"@type\":\"Person\",\"@id\":\"https:\\\/\\\/ejwleo.de\\\/lagerlive\\\/#\\\/schema\\\/person\\\/690518da6b864c1f1f7cc1b6332bd45e\",\"name\":\"jungscharlager2\",\"image\":{\"@type\":\"ImageObject\",\"inLanguage\":\"de\",\"@id\":\"https:\\\/\\\/secure.gravatar.com\\\/avatar\\\/ddfb5daa6c4f3a5b3f520af51e095d183df5d7680ff32bd1a7eca943a7d94120?s=96&d=mm&r=g\",\"url\":\"https:\\\/\\\/secure.gravatar.com\\\/avatar\\\/ddfb5daa6c4f3a5b3f520af51e095d183df5d7680ff32bd1a7eca943a7d94120?s=96&d=mm&r=g\",\"contentUrl\":\"https:\\\/\\\/secure.gravatar.com\\\/avatar\\\/ddfb5daa6c4f3a5b3f520af51e095d183df5d7680ff32bd1a7eca943a7d94120?s=96&d=mm&r=g\",\"caption\":\"jungscharlager2\"},\"url\":\"https:\\\/\\\/ejwleo.de\\\/lagerlive\\\/author\\\/jungscharlager2\\\/\"}]}<\/script>\n<!-- \/ Yoast SEO plugin. -->","yoast_head_json":{"title":"Tag 3 - Die Donau und Das Donautal unsicher machen - LagerLive | Ev. Jugendwerk Bezirk Leonberg","robots":{"index":"index","follow":"follow","max-snippet":"max-snippet:-1","max-image-preview":"max-image-preview:large","max-video-preview":"max-video-preview:-1"},"canonical":"https:\/\/ejwleo.de\/lagerlive\/2017\/tag-3-die-donau-und-das-donautal-unsicher-machen\/","og_locale":"de_DE","og_type":"article","og_title":"Tag 3 - Die Donau und Das Donautal unsicher machen - LagerLive | Ev. Jugendwerk Bezirk Leonberg","og_description":"Am Dienstag hie\u00df es schon wieder den Rucksack mit Schlafsack, Isomatte, Zahnb\u00fcrste und Essen zu packen, denn der Hike stand auf dem Tagesprogramm. Gest\u00e4rkt nach einem leckeren Mittagessen liefen die einzelnen Zeltgruppen mit ihren Mitarbeitern und den voll gepackten Rucks\u00e4cken los. Alle Gruppen hatten sich eine feste H\u00fctte oder Bauernh\u00f6fe als Ziel und Unterkunft ausgesucht, [&hellip;]","og_url":"https:\/\/ejwleo.de\/lagerlive\/2017\/tag-3-die-donau-und-das-donautal-unsicher-machen\/","og_site_name":"LagerLive | Ev. Jugendwerk Bezirk Leonberg","article_published_time":"2017-08-02T11:44:25+00:00","article_modified_time":"2019-03-25T11:38:10+00:00","og_image":[{"width":435,"height":290,"url":"https:\/\/ejwleo.de\/lagerlive\/wp-content\/uploads\/sites\/2\/2015\/08\/DSC_0594-e1439114628544.jpg","type":"image\/jpeg"}],"author":"jungscharlager2","twitter_card":"summary_large_image","twitter_misc":{"Verfasst von":"jungscharlager2"},"schema":{"@context":"https:\/\/schema.org","@graph":[{"@type":"Article","@id":"https:\/\/ejwleo.de\/lagerlive\/2017\/tag-3-die-donau-und-das-donautal-unsicher-machen\/#article","isPartOf":{"@id":"https:\/\/ejwleo.de\/lagerlive\/2017\/tag-3-die-donau-und-das-donautal-unsicher-machen\/"},"author":{"name":"jungscharlager2","@id":"https:\/\/ejwleo.de\/lagerlive\/#\/schema\/person\/690518da6b864c1f1f7cc1b6332bd45e"},"headline":"Tag 3 &#8211; Die Donau und Das Donautal unsicher machen","datePublished":"2017-08-02T11:44:25+00:00","dateModified":"2019-03-25T11:38:10+00:00","mainEntityOfPage":{"@id":"https:\/\/ejwleo.de\/lagerlive\/2017\/tag-3-die-donau-und-das-donautal-unsicher-machen\/"},"wordCount":102,"commentCount":0,"publisher":{"@id":"https:\/\/ejwleo.de\/lagerlive\/#organization"},"image":{"@id":"https:\/\/ejwleo.de\/lagerlive\/2017\/tag-3-die-donau-und-das-donautal-unsicher-machen\/#primaryimage"},"thumbnailUrl":"https:\/\/ejwleo.de\/lagerlive\/wp-content\/uploads\/sites\/2\/2015\/08\/DSC_0594-e1439114628544.jpg","keywords":["Jungschar","Jungscharlager 2017","Petrus"],"articleSection":["Jungscharlager 2017"],"inLanguage":"de","potentialAction":[{"@type":"CommentAction","name":"Comment","target":["https:\/\/ejwleo.de\/lagerlive\/2017\/tag-3-die-donau-und-das-donautal-unsicher-machen\/#respond"]}]},{"@type":"WebPage","@id":"https:\/\/ejwleo.de\/lagerlive\/2017\/tag-3-die-donau-und-das-donautal-unsicher-machen\/","url":"https:\/\/ejwleo.de\/lagerlive\/2017\/tag-3-die-donau-und-das-donautal-unsicher-machen\/","name":"Tag 3 - Die Donau und Das Donautal unsicher machen - LagerLive | Ev. Jugendwerk Bezirk Leonberg","isPartOf":{"@id":"https:\/\/ejwleo.de\/lagerlive\/#website"},"primaryImageOfPage":{"@id":"https:\/\/ejwleo.de\/lagerlive\/2017\/tag-3-die-donau-und-das-donautal-unsicher-machen\/#primaryimage"},"image":{"@id":"https:\/\/ejwleo.de\/lagerlive\/2017\/tag-3-die-donau-und-das-donautal-unsicher-machen\/#primaryimage"},"thumbnailUrl":"https:\/\/ejwleo.de\/lagerlive\/wp-content\/uploads\/sites\/2\/2015\/08\/DSC_0594-e1439114628544.jpg","datePublished":"2017-08-02T11:44:25+00:00","dateModified":"2019-03-25T11:38:10+00:00","breadcrumb":{"@id":"https:\/\/ejwleo.de\/lagerlive\/2017\/tag-3-die-donau-und-das-donautal-unsicher-machen\/#breadcrumb"},"inLanguage":"de","potentialAction":[{"@type":"ReadAction","target":["https:\/\/ejwleo.de\/lagerlive\/2017\/tag-3-die-donau-und-das-donautal-unsicher-machen\/"]}]},{"@type":"ImageObject","inLanguage":"de","@id":"https:\/\/ejwleo.de\/lagerlive\/2017\/tag-3-die-donau-und-das-donautal-unsicher-machen\/#primaryimage","url":"https:\/\/ejwleo.de\/lagerlive\/wp-content\/uploads\/sites\/2\/2015\/08\/DSC_0594-e1439114628544.jpg","contentUrl":"https:\/\/ejwleo.de\/lagerlive\/wp-content\/uploads\/sites\/2\/2015\/08\/DSC_0594-e1439114628544.jpg","width":435,"height":290},{"@type":"BreadcrumbList","@id":"https:\/\/ejwleo.de\/lagerlive\/2017\/tag-3-die-donau-und-das-donautal-unsicher-machen\/#breadcrumb","itemListElement":[{"@type":"ListItem","position":1,"name":"Startseite","item":"https:\/\/ejwleo.de\/lagerlive\/"},{"@type":"ListItem","position":2,"name":"Tag 3 &#8211; Die Donau und Das Donautal unsicher machen"}]},{"@type":"WebSite","@id":"https:\/\/ejwleo.de\/lagerlive\/#website","url":"https:\/\/ejwleo.de\/lagerlive\/","name":"LagerLive | Ev. Jugendwerk Bezirk Leonberg","description":"LagerLive | Ev. Jugendwerk Bezirk Leonberg","publisher":{"@id":"https:\/\/ejwleo.de\/lagerlive\/#organization"},"potentialAction":[{"@type":"SearchAction","target":{"@type":"EntryPoint","urlTemplate":"https:\/\/ejwleo.de\/lagerlive\/?s={search_term_string}"},"query-input":{"@type":"PropertyValueSpecification","valueRequired":true,"valueName":"search_term_string"}}],"inLanguage":"de"},{"@type":"Organization","@id":"https:\/\/ejwleo.de\/lagerlive\/#organization","name":"LagerLive | Ev. Jugendwerk Bezirk Leonberg","url":"https:\/\/ejwleo.de\/lagerlive\/","logo":{"@type":"ImageObject","inLanguage":"de","@id":"https:\/\/ejwleo.de\/lagerlive\/#\/schema\/logo\/image\/","url":"","contentUrl":"","caption":"LagerLive | Ev. Jugendwerk Bezirk Leonberg"},"image":{"@id":"https:\/\/ejwleo.de\/lagerlive\/#\/schema\/logo\/image\/"}},{"@type":"Person","@id":"https:\/\/ejwleo.de\/lagerlive\/#\/schema\/person\/690518da6b864c1f1f7cc1b6332bd45e","name":"jungscharlager2","image":{"@type":"ImageObject","inLanguage":"de","@id":"https:\/\/secure.gravatar.com\/avatar\/ddfb5daa6c4f3a5b3f520af51e095d183df5d7680ff32bd1a7eca943a7d94120?s=96&d=mm&r=g","url":"https:\/\/secure.gravatar.com\/avatar\/ddfb5daa6c4f3a5b3f520af51e095d183df5d7680ff32bd1a7eca943a7d94120?s=96&d=mm&r=g","contentUrl":"https:\/\/secure.gravatar.com\/avatar\/ddfb5daa6c4f3a5b3f520af51e095d183df5d7680ff32bd1a7eca943a7d94120?s=96&d=mm&r=g","caption":"jungscharlager2"},"url":"https:\/\/ejwleo.de\/lagerlive\/author\/jungscharlager2\/"}]}},"_links":{"self":[{"href":"https:\/\/ejwleo.de\/lagerlive\/wp-json\/wp\/v2\/posts\/254","targetHints":{"allow":["GET"]}}],"collection":[{"href":"https:\/\/ejwleo.de\/lagerlive\/wp-json\/wp\/v2\/posts"}],"about":[{"href":"https:\/\/ejwleo.de\/lagerlive\/wp-json\/wp\/v2\/types\/post"}],"author":[{"embeddable":true,"href":"https:\/\/ejwleo.de\/lagerlive\/wp-json\/wp\/v2\/users\/8"}],"replies":[{"embeddable":true,"href":"https:\/\/ejwleo.de\/lagerlive\/wp-json\/wp\/v2\/comments?post=254"}],"version-history":[{"count":2,"href":"https:\/\/ejwleo.de\/lagerlive\/wp-json\/wp\/v2\/posts\/254\/revisions"}],"predecessor-version":[{"id":448,"href":"https:\/\/ejwleo.de\/lagerlive\/wp-json\/wp\/v2\/posts\/254\/revisions\/448"}],"wp:featuredmedia":[{"embeddable":true,"href":"https:\/\/ejwleo.de\/lagerlive\/wp-json\/wp\/v2\/media\/200"}],"wp:attachment":[{"href":"https:\/\/ejwleo.de\/lagerlive\/wp-json\/wp\/v2\/media?parent=254"}],"wp:term":[{"taxonomy":"category","embeddable":true,"href":"https:\/\/ejwleo.de\/lagerlive\/wp-json\/wp\/v2\/categories?post=254"},{"taxonomy":"post_tag","embeddable":true,"href":"https:\/\/ejwleo.de\/lagerlive\/wp-json\/wp\/v2\/tags?post=254"}],"curies":[{"name":"wp","href":"https:\/\/api.w.org\/{rel}","templated":true}]}}