{"id":272,"date":"2017-08-02T13:52:28","date_gmt":"2017-08-02T11:52:28","guid":{"rendered":"http:\/\/lagerlive.ejwleo.de\/?p=272"},"modified":"2019-03-25T12:39:04","modified_gmt":"2019-03-25T11:39:04","slug":"tag-4-zurueck-auf-dem-zeltplatz","status":"publish","type":"post","link":"https:\/\/ejwleo.de\/lagerlive\/2017\/tag-4-zurueck-auf-dem-zeltplatz\/","title":{"rendered":"Tag 4 &#8211; Zur\u00fcck auf dem Zeltplatz"},"content":{"rendered":"<p>Nach einer st\u00fcrmischen und regnerischen Nacht, die alle gut \u00fcberstanden haben, hie\u00df es am Mittwochmorgen, sich f\u00fcr den R\u00fcckweg vom Hike nochmals mit einem ausgiebigen Fr\u00fchst\u00fcck zu st\u00e4rken und die Rucks\u00e4cke wieder zu packen.<br \/>\nBei sch\u00f6nstem Morgenwetter wanderten die Gruppen von ihren Nachtlagern wieder zur\u00fcck zum Zeltplatz, den inzwischen alle munter und mit vielen neuen Erlebnissen wieder erreicht haben.<\/p>\n<p>Am Nachmittag standen Workshops auf dem Programm. Die Kids durften ihrer Nachmittag so selbst gestalten und ausw\u00e4hlen zwischen Lager-T-Shirts bedrucken, Stockbrot backen, Sonnenbrillen gestalten, Ketten basteln und einigem mehr.<\/p>\n<p><img loading=\"lazy\" decoding=\"async\" class=\"size-medium wp-image-297 aligncenter\" src=\"http:\/\/test.ejwleo.de\/lagerlive\/wp-content\/uploads\/sites\/2\/2017\/08\/P8020439-300x200.jpg\" alt=\"\" width=\"300\" height=\"200\" srcset=\"https:\/\/ejwleo.de\/lagerlive\/wp-content\/uploads\/sites\/2\/2017\/08\/P8020439-300x200.jpg 300w, https:\/\/ejwleo.de\/lagerlive\/wp-content\/uploads\/sites\/2\/2017\/08\/P8020439-768x512.jpg 768w, https:\/\/ejwleo.de\/lagerlive\/wp-content\/uploads\/sites\/2\/2017\/08\/P8020439-1024x683.jpg 1024w, https:\/\/ejwleo.de\/lagerlive\/wp-content\/uploads\/sites\/2\/2017\/08\/P8020439.jpg 2048w\" sizes=\"auto, (max-width: 300px) 100vw, 300px\" \/><b><\/b><i><\/i><u><\/u><\/p>\n<p>Am Abend musste beim Cluedo-Spiel herausgefunden werden, wer, mit welcher Waffe, wie und wo ein Unbekannter umgebracht wurde. Die Gruppen mussten unterschiedliche Verd\u00e4chtige wie die G\u00f6ggeles-Greta oder den Wirt Ludwig Lauterbach mit seinen Stammg\u00e4sten Joggel und Gottlob befragen und so dem wahren T\u00e4ter auf die Spur kommen.<\/p>\n<p><img loading=\"lazy\" decoding=\"async\" class=\"size-medium wp-image-304 aligncenter\" src=\"http:\/\/test.ejwleo.de\/lagerlive\/wp-content\/uploads\/sites\/2\/2017\/08\/P8020490-1-300x200.jpg\" alt=\"\" width=\"300\" height=\"200\" srcset=\"https:\/\/ejwleo.de\/lagerlive\/wp-content\/uploads\/sites\/2\/2017\/08\/P8020490-1-300x200.jpg 300w, https:\/\/ejwleo.de\/lagerlive\/wp-content\/uploads\/sites\/2\/2017\/08\/P8020490-1-768x512.jpg 768w, https:\/\/ejwleo.de\/lagerlive\/wp-content\/uploads\/sites\/2\/2017\/08\/P8020490-1-1024x683.jpg 1024w, https:\/\/ejwleo.de\/lagerlive\/wp-content\/uploads\/sites\/2\/2017\/08\/P8020490-1.jpg 2048w\" sizes=\"auto, (max-width: 300px) 100vw, 300px\" \/><b><\/b><i><\/i><u><\/u><\/p>\n","protected":false},"excerpt":{"rendered":"<p>Nach einer st\u00fcrmischen und regnerischen Nacht, die alle gut \u00fcberstanden haben, hie\u00df es am Mittwochmorgen, sich f\u00fcr den R\u00fcckweg vom Hike nochmals mit einem ausgiebigen Fr\u00fchst\u00fcck zu st\u00e4rken und die Rucks\u00e4cke wieder zu packen. Bei sch\u00f6nstem Morgenwetter wanderten die Gruppen von ihren Nachtlagern wieder zur\u00fcck zum Zeltplatz, den inzwischen alle munter und mit vielen neuen [&hellip;]<\/p>\n","protected":false},"author":8,"featured_media":297,"comment_status":"open","ping_status":"closed","sticky":false,"template":"","format":"standard","meta":{"_acf_changed":false,"footnotes":""},"categories":[3],"tags":[9,8,7],"class_list":["post-272","post","type-post","status-publish","format-standard","has-post-thumbnail","hentry","category-jungscharlager-2017","tag-jungschar","tag-jungscharlager-2017","tag-petrus"],"acf":[],"yoast_head":"<!-- This site is optimized with the Yoast SEO plugin v27.4 - https:\/\/yoast.com\/product\/yoast-seo-wordpress\/ -->\n<title>Tag 4 - Zur\u00fcck auf dem Zeltplatz - LagerLive | Ev. Jugendwerk Bezirk Leonberg<\/title>\n<meta name=\"robots\" content=\"index, follow, max-snippet:-1, max-image-preview:large, max-video-preview:-1\" \/>\n<link rel=\"canonical\" href=\"https:\/\/ejwleo.de\/lagerlive\/2017\/tag-4-zurueck-auf-dem-zeltplatz\/\" \/>\n<meta property=\"og:locale\" content=\"de_DE\" \/>\n<meta property=\"og:type\" content=\"article\" \/>\n<meta property=\"og:title\" content=\"Tag 4 - Zur\u00fcck auf dem Zeltplatz - LagerLive | Ev. Jugendwerk Bezirk Leonberg\" \/>\n<meta property=\"og:description\" content=\"Nach einer st\u00fcrmischen und regnerischen Nacht, die alle gut \u00fcberstanden haben, hie\u00df es am Mittwochmorgen, sich f\u00fcr den R\u00fcckweg vom Hike nochmals mit einem ausgiebigen Fr\u00fchst\u00fcck zu st\u00e4rken und die Rucks\u00e4cke wieder zu packen. Bei sch\u00f6nstem Morgenwetter wanderten die Gruppen von ihren Nachtlagern wieder zur\u00fcck zum Zeltplatz, den inzwischen alle munter und mit vielen neuen [&hellip;]\" \/>\n<meta property=\"og:url\" content=\"https:\/\/ejwleo.de\/lagerlive\/2017\/tag-4-zurueck-auf-dem-zeltplatz\/\" \/>\n<meta property=\"og:site_name\" content=\"LagerLive | Ev. Jugendwerk Bezirk Leonberg\" \/>\n<meta property=\"article:published_time\" content=\"2017-08-02T11:52:28+00:00\" \/>\n<meta property=\"article:modified_time\" content=\"2019-03-25T11:39:04+00:00\" \/>\n<meta property=\"og:image\" content=\"https:\/\/ejwleo.de\/lagerlive\/wp-content\/uploads\/sites\/2\/2017\/08\/P8020439.jpg\" \/>\n\t<meta property=\"og:image:width\" content=\"2048\" \/>\n\t<meta property=\"og:image:height\" content=\"1365\" \/>\n\t<meta property=\"og:image:type\" content=\"image\/jpeg\" \/>\n<meta name=\"author\" content=\"jungscharlager2\" \/>\n<meta name=\"twitter:card\" content=\"summary_large_image\" \/>\n<meta name=\"twitter:label1\" content=\"Verfasst von\" \/>\n\t<meta name=\"twitter:data1\" content=\"jungscharlager2\" \/>\n\t<meta name=\"twitter:label2\" content=\"Gesch\u00e4tzte Lesezeit\" \/>\n\t<meta name=\"twitter:data2\" content=\"1\u00a0Minute\" \/>\n<script type=\"application\/ld+json\" class=\"yoast-schema-graph\">{\"@context\":\"https:\\\/\\\/schema.org\",\"@graph\":[{\"@type\":\"Article\",\"@id\":\"https:\\\/\\\/ejwleo.de\\\/lagerlive\\\/2017\\\/tag-4-zurueck-auf-dem-zeltplatz\\\/#article\",\"isPartOf\":{\"@id\":\"https:\\\/\\\/ejwleo.de\\\/lagerlive\\\/2017\\\/tag-4-zurueck-auf-dem-zeltplatz\\\/\"},\"author\":{\"name\":\"jungscharlager2\",\"@id\":\"https:\\\/\\\/ejwleo.de\\\/lagerlive\\\/#\\\/schema\\\/person\\\/690518da6b864c1f1f7cc1b6332bd45e\"},\"headline\":\"Tag 4 &#8211; Zur\u00fcck auf dem Zeltplatz\",\"datePublished\":\"2017-08-02T11:52:28+00:00\",\"dateModified\":\"2019-03-25T11:39:04+00:00\",\"mainEntityOfPage\":{\"@id\":\"https:\\\/\\\/ejwleo.de\\\/lagerlive\\\/2017\\\/tag-4-zurueck-auf-dem-zeltplatz\\\/\"},\"wordCount\":156,\"commentCount\":0,\"publisher\":{\"@id\":\"https:\\\/\\\/ejwleo.de\\\/lagerlive\\\/#organization\"},\"image\":{\"@id\":\"https:\\\/\\\/ejwleo.de\\\/lagerlive\\\/2017\\\/tag-4-zurueck-auf-dem-zeltplatz\\\/#primaryimage\"},\"thumbnailUrl\":\"https:\\\/\\\/ejwleo.de\\\/lagerlive\\\/wp-content\\\/uploads\\\/sites\\\/2\\\/2017\\\/08\\\/P8020439.jpg\",\"keywords\":[\"Jungschar\",\"Jungscharlager 2017\",\"Petrus\"],\"articleSection\":[\"Jungscharlager 2017\"],\"inLanguage\":\"de\",\"potentialAction\":[{\"@type\":\"CommentAction\",\"name\":\"Comment\",\"target\":[\"https:\\\/\\\/ejwleo.de\\\/lagerlive\\\/2017\\\/tag-4-zurueck-auf-dem-zeltplatz\\\/#respond\"]}]},{\"@type\":\"WebPage\",\"@id\":\"https:\\\/\\\/ejwleo.de\\\/lagerlive\\\/2017\\\/tag-4-zurueck-auf-dem-zeltplatz\\\/\",\"url\":\"https:\\\/\\\/ejwleo.de\\\/lagerlive\\\/2017\\\/tag-4-zurueck-auf-dem-zeltplatz\\\/\",\"name\":\"Tag 4 - Zur\u00fcck auf dem Zeltplatz - LagerLive | Ev. Jugendwerk Bezirk Leonberg\",\"isPartOf\":{\"@id\":\"https:\\\/\\\/ejwleo.de\\\/lagerlive\\\/#website\"},\"primaryImageOfPage\":{\"@id\":\"https:\\\/\\\/ejwleo.de\\\/lagerlive\\\/2017\\\/tag-4-zurueck-auf-dem-zeltplatz\\\/#primaryimage\"},\"image\":{\"@id\":\"https:\\\/\\\/ejwleo.de\\\/lagerlive\\\/2017\\\/tag-4-zurueck-auf-dem-zeltplatz\\\/#primaryimage\"},\"thumbnailUrl\":\"https:\\\/\\\/ejwleo.de\\\/lagerlive\\\/wp-content\\\/uploads\\\/sites\\\/2\\\/2017\\\/08\\\/P8020439.jpg\",\"datePublished\":\"2017-08-02T11:52:28+00:00\",\"dateModified\":\"2019-03-25T11:39:04+00:00\",\"breadcrumb\":{\"@id\":\"https:\\\/\\\/ejwleo.de\\\/lagerlive\\\/2017\\\/tag-4-zurueck-auf-dem-zeltplatz\\\/#breadcrumb\"},\"inLanguage\":\"de\",\"potentialAction\":[{\"@type\":\"ReadAction\",\"target\":[\"https:\\\/\\\/ejwleo.de\\\/lagerlive\\\/2017\\\/tag-4-zurueck-auf-dem-zeltplatz\\\/\"]}]},{\"@type\":\"ImageObject\",\"inLanguage\":\"de\",\"@id\":\"https:\\\/\\\/ejwleo.de\\\/lagerlive\\\/2017\\\/tag-4-zurueck-auf-dem-zeltplatz\\\/#primaryimage\",\"url\":\"https:\\\/\\\/ejwleo.de\\\/lagerlive\\\/wp-content\\\/uploads\\\/sites\\\/2\\\/2017\\\/08\\\/P8020439.jpg\",\"contentUrl\":\"https:\\\/\\\/ejwleo.de\\\/lagerlive\\\/wp-content\\\/uploads\\\/sites\\\/2\\\/2017\\\/08\\\/P8020439.jpg\",\"width\":2048,\"height\":1365},{\"@type\":\"BreadcrumbList\",\"@id\":\"https:\\\/\\\/ejwleo.de\\\/lagerlive\\\/2017\\\/tag-4-zurueck-auf-dem-zeltplatz\\\/#breadcrumb\",\"itemListElement\":[{\"@type\":\"ListItem\",\"position\":1,\"name\":\"Startseite\",\"item\":\"https:\\\/\\\/ejwleo.de\\\/lagerlive\\\/\"},{\"@type\":\"ListItem\",\"position\":2,\"name\":\"Tag 4 &#8211; Zur\u00fcck auf dem Zeltplatz\"}]},{\"@type\":\"WebSite\",\"@id\":\"https:\\\/\\\/ejwleo.de\\\/lagerlive\\\/#website\",\"url\":\"https:\\\/\\\/ejwleo.de\\\/lagerlive\\\/\",\"name\":\"LagerLive | Ev. Jugendwerk Bezirk Leonberg\",\"description\":\"LagerLive | Ev. Jugendwerk Bezirk Leonberg\",\"publisher\":{\"@id\":\"https:\\\/\\\/ejwleo.de\\\/lagerlive\\\/#organization\"},\"potentialAction\":[{\"@type\":\"SearchAction\",\"target\":{\"@type\":\"EntryPoint\",\"urlTemplate\":\"https:\\\/\\\/ejwleo.de\\\/lagerlive\\\/?s={search_term_string}\"},\"query-input\":{\"@type\":\"PropertyValueSpecification\",\"valueRequired\":true,\"valueName\":\"search_term_string\"}}],\"inLanguage\":\"de\"},{\"@type\":\"Organization\",\"@id\":\"https:\\\/\\\/ejwleo.de\\\/lagerlive\\\/#organization\",\"name\":\"LagerLive | Ev. Jugendwerk Bezirk Leonberg\",\"url\":\"https:\\\/\\\/ejwleo.de\\\/lagerlive\\\/\",\"logo\":{\"@type\":\"ImageObject\",\"inLanguage\":\"de\",\"@id\":\"https:\\\/\\\/ejwleo.de\\\/lagerlive\\\/#\\\/schema\\\/logo\\\/image\\\/\",\"url\":\"\",\"contentUrl\":\"\",\"caption\":\"LagerLive | Ev. Jugendwerk Bezirk Leonberg\"},\"image\":{\"@id\":\"https:\\\/\\\/ejwleo.de\\\/lagerlive\\\/#\\\/schema\\\/logo\\\/image\\\/\"}},{\"@type\":\"Person\",\"@id\":\"https:\\\/\\\/ejwleo.de\\\/lagerlive\\\/#\\\/schema\\\/person\\\/690518da6b864c1f1f7cc1b6332bd45e\",\"name\":\"jungscharlager2\",\"image\":{\"@type\":\"ImageObject\",\"inLanguage\":\"de\",\"@id\":\"https:\\\/\\\/secure.gravatar.com\\\/avatar\\\/ddfb5daa6c4f3a5b3f520af51e095d183df5d7680ff32bd1a7eca943a7d94120?s=96&d=mm&r=g\",\"url\":\"https:\\\/\\\/secure.gravatar.com\\\/avatar\\\/ddfb5daa6c4f3a5b3f520af51e095d183df5d7680ff32bd1a7eca943a7d94120?s=96&d=mm&r=g\",\"contentUrl\":\"https:\\\/\\\/secure.gravatar.com\\\/avatar\\\/ddfb5daa6c4f3a5b3f520af51e095d183df5d7680ff32bd1a7eca943a7d94120?s=96&d=mm&r=g\",\"caption\":\"jungscharlager2\"},\"url\":\"https:\\\/\\\/ejwleo.de\\\/lagerlive\\\/author\\\/jungscharlager2\\\/\"}]}<\/script>\n<!-- \/ Yoast SEO plugin. -->","yoast_head_json":{"title":"Tag 4 - Zur\u00fcck auf dem Zeltplatz - LagerLive | Ev. Jugendwerk Bezirk Leonberg","robots":{"index":"index","follow":"follow","max-snippet":"max-snippet:-1","max-image-preview":"max-image-preview:large","max-video-preview":"max-video-preview:-1"},"canonical":"https:\/\/ejwleo.de\/lagerlive\/2017\/tag-4-zurueck-auf-dem-zeltplatz\/","og_locale":"de_DE","og_type":"article","og_title":"Tag 4 - Zur\u00fcck auf dem Zeltplatz - LagerLive | Ev. Jugendwerk Bezirk Leonberg","og_description":"Nach einer st\u00fcrmischen und regnerischen Nacht, die alle gut \u00fcberstanden haben, hie\u00df es am Mittwochmorgen, sich f\u00fcr den R\u00fcckweg vom Hike nochmals mit einem ausgiebigen Fr\u00fchst\u00fcck zu st\u00e4rken und die Rucks\u00e4cke wieder zu packen. Bei sch\u00f6nstem Morgenwetter wanderten die Gruppen von ihren Nachtlagern wieder zur\u00fcck zum Zeltplatz, den inzwischen alle munter und mit vielen neuen [&hellip;]","og_url":"https:\/\/ejwleo.de\/lagerlive\/2017\/tag-4-zurueck-auf-dem-zeltplatz\/","og_site_name":"LagerLive | Ev. Jugendwerk Bezirk Leonberg","article_published_time":"2017-08-02T11:52:28+00:00","article_modified_time":"2019-03-25T11:39:04+00:00","og_image":[{"width":2048,"height":1365,"url":"https:\/\/ejwleo.de\/lagerlive\/wp-content\/uploads\/sites\/2\/2017\/08\/P8020439.jpg","type":"image\/jpeg"}],"author":"jungscharlager2","twitter_card":"summary_large_image","twitter_misc":{"Verfasst von":"jungscharlager2","Gesch\u00e4tzte Lesezeit":"1\u00a0Minute"},"schema":{"@context":"https:\/\/schema.org","@graph":[{"@type":"Article","@id":"https:\/\/ejwleo.de\/lagerlive\/2017\/tag-4-zurueck-auf-dem-zeltplatz\/#article","isPartOf":{"@id":"https:\/\/ejwleo.de\/lagerlive\/2017\/tag-4-zurueck-auf-dem-zeltplatz\/"},"author":{"name":"jungscharlager2","@id":"https:\/\/ejwleo.de\/lagerlive\/#\/schema\/person\/690518da6b864c1f1f7cc1b6332bd45e"},"headline":"Tag 4 &#8211; Zur\u00fcck auf dem Zeltplatz","datePublished":"2017-08-02T11:52:28+00:00","dateModified":"2019-03-25T11:39:04+00:00","mainEntityOfPage":{"@id":"https:\/\/ejwleo.de\/lagerlive\/2017\/tag-4-zurueck-auf-dem-zeltplatz\/"},"wordCount":156,"commentCount":0,"publisher":{"@id":"https:\/\/ejwleo.de\/lagerlive\/#organization"},"image":{"@id":"https:\/\/ejwleo.de\/lagerlive\/2017\/tag-4-zurueck-auf-dem-zeltplatz\/#primaryimage"},"thumbnailUrl":"https:\/\/ejwleo.de\/lagerlive\/wp-content\/uploads\/sites\/2\/2017\/08\/P8020439.jpg","keywords":["Jungschar","Jungscharlager 2017","Petrus"],"articleSection":["Jungscharlager 2017"],"inLanguage":"de","potentialAction":[{"@type":"CommentAction","name":"Comment","target":["https:\/\/ejwleo.de\/lagerlive\/2017\/tag-4-zurueck-auf-dem-zeltplatz\/#respond"]}]},{"@type":"WebPage","@id":"https:\/\/ejwleo.de\/lagerlive\/2017\/tag-4-zurueck-auf-dem-zeltplatz\/","url":"https:\/\/ejwleo.de\/lagerlive\/2017\/tag-4-zurueck-auf-dem-zeltplatz\/","name":"Tag 4 - Zur\u00fcck auf dem Zeltplatz - LagerLive | Ev. Jugendwerk Bezirk Leonberg","isPartOf":{"@id":"https:\/\/ejwleo.de\/lagerlive\/#website"},"primaryImageOfPage":{"@id":"https:\/\/ejwleo.de\/lagerlive\/2017\/tag-4-zurueck-auf-dem-zeltplatz\/#primaryimage"},"image":{"@id":"https:\/\/ejwleo.de\/lagerlive\/2017\/tag-4-zurueck-auf-dem-zeltplatz\/#primaryimage"},"thumbnailUrl":"https:\/\/ejwleo.de\/lagerlive\/wp-content\/uploads\/sites\/2\/2017\/08\/P8020439.jpg","datePublished":"2017-08-02T11:52:28+00:00","dateModified":"2019-03-25T11:39:04+00:00","breadcrumb":{"@id":"https:\/\/ejwleo.de\/lagerlive\/2017\/tag-4-zurueck-auf-dem-zeltplatz\/#breadcrumb"},"inLanguage":"de","potentialAction":[{"@type":"ReadAction","target":["https:\/\/ejwleo.de\/lagerlive\/2017\/tag-4-zurueck-auf-dem-zeltplatz\/"]}]},{"@type":"ImageObject","inLanguage":"de","@id":"https:\/\/ejwleo.de\/lagerlive\/2017\/tag-4-zurueck-auf-dem-zeltplatz\/#primaryimage","url":"https:\/\/ejwleo.de\/lagerlive\/wp-content\/uploads\/sites\/2\/2017\/08\/P8020439.jpg","contentUrl":"https:\/\/ejwleo.de\/lagerlive\/wp-content\/uploads\/sites\/2\/2017\/08\/P8020439.jpg","width":2048,"height":1365},{"@type":"BreadcrumbList","@id":"https:\/\/ejwleo.de\/lagerlive\/2017\/tag-4-zurueck-auf-dem-zeltplatz\/#breadcrumb","itemListElement":[{"@type":"ListItem","position":1,"name":"Startseite","item":"https:\/\/ejwleo.de\/lagerlive\/"},{"@type":"ListItem","position":2,"name":"Tag 4 &#8211; Zur\u00fcck auf dem Zeltplatz"}]},{"@type":"WebSite","@id":"https:\/\/ejwleo.de\/lagerlive\/#website","url":"https:\/\/ejwleo.de\/lagerlive\/","name":"LagerLive | Ev. Jugendwerk Bezirk Leonberg","description":"LagerLive | Ev. Jugendwerk Bezirk Leonberg","publisher":{"@id":"https:\/\/ejwleo.de\/lagerlive\/#organization"},"potentialAction":[{"@type":"SearchAction","target":{"@type":"EntryPoint","urlTemplate":"https:\/\/ejwleo.de\/lagerlive\/?s={search_term_string}"},"query-input":{"@type":"PropertyValueSpecification","valueRequired":true,"valueName":"search_term_string"}}],"inLanguage":"de"},{"@type":"Organization","@id":"https:\/\/ejwleo.de\/lagerlive\/#organization","name":"LagerLive | Ev. Jugendwerk Bezirk Leonberg","url":"https:\/\/ejwleo.de\/lagerlive\/","logo":{"@type":"ImageObject","inLanguage":"de","@id":"https:\/\/ejwleo.de\/lagerlive\/#\/schema\/logo\/image\/","url":"","contentUrl":"","caption":"LagerLive | Ev. Jugendwerk Bezirk Leonberg"},"image":{"@id":"https:\/\/ejwleo.de\/lagerlive\/#\/schema\/logo\/image\/"}},{"@type":"Person","@id":"https:\/\/ejwleo.de\/lagerlive\/#\/schema\/person\/690518da6b864c1f1f7cc1b6332bd45e","name":"jungscharlager2","image":{"@type":"ImageObject","inLanguage":"de","@id":"https:\/\/secure.gravatar.com\/avatar\/ddfb5daa6c4f3a5b3f520af51e095d183df5d7680ff32bd1a7eca943a7d94120?s=96&d=mm&r=g","url":"https:\/\/secure.gravatar.com\/avatar\/ddfb5daa6c4f3a5b3f520af51e095d183df5d7680ff32bd1a7eca943a7d94120?s=96&d=mm&r=g","contentUrl":"https:\/\/secure.gravatar.com\/avatar\/ddfb5daa6c4f3a5b3f520af51e095d183df5d7680ff32bd1a7eca943a7d94120?s=96&d=mm&r=g","caption":"jungscharlager2"},"url":"https:\/\/ejwleo.de\/lagerlive\/author\/jungscharlager2\/"}]}},"_links":{"self":[{"href":"https:\/\/ejwleo.de\/lagerlive\/wp-json\/wp\/v2\/posts\/272","targetHints":{"allow":["GET"]}}],"collection":[{"href":"https:\/\/ejwleo.de\/lagerlive\/wp-json\/wp\/v2\/posts"}],"about":[{"href":"https:\/\/ejwleo.de\/lagerlive\/wp-json\/wp\/v2\/types\/post"}],"author":[{"embeddable":true,"href":"https:\/\/ejwleo.de\/lagerlive\/wp-json\/wp\/v2\/users\/8"}],"replies":[{"embeddable":true,"href":"https:\/\/ejwleo.de\/lagerlive\/wp-json\/wp\/v2\/comments?post=272"}],"version-history":[{"count":3,"href":"https:\/\/ejwleo.de\/lagerlive\/wp-json\/wp\/v2\/posts\/272\/revisions"}],"predecessor-version":[{"id":452,"href":"https:\/\/ejwleo.de\/lagerlive\/wp-json\/wp\/v2\/posts\/272\/revisions\/452"}],"wp:featuredmedia":[{"embeddable":true,"href":"https:\/\/ejwleo.de\/lagerlive\/wp-json\/wp\/v2\/media\/297"}],"wp:attachment":[{"href":"https:\/\/ejwleo.de\/lagerlive\/wp-json\/wp\/v2\/media?parent=272"}],"wp:term":[{"taxonomy":"category","embeddable":true,"href":"https:\/\/ejwleo.de\/lagerlive\/wp-json\/wp\/v2\/categories?post=272"},{"taxonomy":"post_tag","embeddable":true,"href":"https:\/\/ejwleo.de\/lagerlive\/wp-json\/wp\/v2\/tags?post=272"}],"curies":[{"name":"wp","href":"https:\/\/api.w.org\/{rel}","templated":true}]}}